{"id":96,"date":"2008-03-11T08:42:07","date_gmt":"2008-03-11T08:42:07","guid":{"rendered":"http:\/\/fcpolit.unr.edu.ar\/blogs\/programa\/2008\/03\/11\/libros-de-estilo\/"},"modified":"2008-03-11T08:42:07","modified_gmt":"2008-03-11T08:42:07","slug":"libros-de-estilo","status":"publish","type":"post","link":"https:\/\/redaccion1.fcpolit.unr.edu.ar\/programa\/2008\/03\/11\/libros-de-estilo\/","title":{"rendered":"Libros de Estilo"},"content":{"rendered":"<p><strong>UNIDAD 1<\/strong><br \/>\n<strong>TEXTOS COMPLEMENTARIOS <\/strong>\/ ir a <a href=\"http:\/\/www.bdp.org.ar\/facultad\/catedras\/comsoc\/redaccion1\/unidades\/2003\/07\/nocion_de_audiencia_t_base_7.php\">Noci\u00f3n de Audiencia<\/a><br \/>\nAdaptaci\u00f3n de la C\u00e1tedra del concepto de audiencia extra\u00eddo de los Libros de Estilo de los diarios El Pa\u00eds, La Naci\u00f3n y Clar\u00edn.<br \/>\n<strong>\u201cEl Pa\u00eds. Libro de Estilo\u201d (Ediciones El Pa\u00eds).<\/strong><br \/>\n<img loading=\"lazy\" decoding=\"async\" alt=\"elpais1.jpg\" src=\"http:\/\/www.bdp.org.ar\/facultad\/catedras\/comsoc\/redaccion1\/unidades\/elpais1.jpg\" width=\"125\" height=\"92\" align=\"left\" hspace=\"30\" \/><br \/>\nDesde noviembre de 1977, fecha en la que se public\u00f3 la primera edici\u00f3n, muchos lectores se han interesado por poseer este instrumento de trabajo de la Redacci\u00f3n de El Pa\u00eds, sin que hayamos podido satisfacer su demanda; en el archivo del redactor jefe de Edici\u00f3n y Formaci\u00f3n del peri\u00f3dico, Alex Grijelmo, hay una verdadera monta\u00f1a de peticiones del Libro de Estilo, y lo curioso es que una buena parte de ellas no tiene nada que ver, a priori, con ciudadanos relacionados con el mundo de la comunicaci\u00f3n y sus aleda\u00f1os. Son lectores curiosos con los modos de hacer un diario de las caracter\u00edsticas de El Pa\u00eds.<br \/>\nDesde que se fund\u00f3, en El Pa\u00eds se ha considerado que son los lectores los propietarios \u00faltimos de la informaci\u00f3n, y los periodistas tan s\u00f3lo los mediadores entre aquellos y \u00e9sta. Por ello entendemos que han de existir unas directrices que comprometan al peri\u00f3dico con sus lectores, una especie de control de calidad que defina quienes somos y c\u00f3mo trabajamos. Aunque no hemos elaborado todav\u00eda un c\u00f3digo deontol\u00f3gico en sentido estricto, tenemos reglas de conducta muy precisas, unas internas y otras que nos enlazan con el exterior. Las primeras est\u00e1n contenidas en el Estatuto de la Redacci\u00f3n, incluido por primera vez en este libro.<br \/>\nLas dos normas externas son el Libro de estilo del peri\u00f3dico y el Ombudsman o Defensor del Lector. El libro de estilo, adem\u00e1s de los condicionamientos metodol\u00f3gicos que uniforman lo que aparece escrito desde el punto de vista formal, incluye al menos tres cl\u00e1usulas que pueden considerarse como de conducta: la primera, que los rumores no son noticia; la segunda, que en caso de conflicto hay que escuchar o acudir a las dos partes, y, por \u00faltimo, que los titulares de las informaciones deben responder fielmente al contenido de la noticia. Estas tres reglas, adem\u00e1s del uso honesto de las fuentes de informaci\u00f3n y la separaci\u00f3n tajante entre informaci\u00f3n, opini\u00f3n y publicidad, forman parte del equipaje b\u00e1sico que nos esforzamos en aplicar a diario.<br \/>\nEl Ombudsman tambi\u00e9n tiene recogido su estatuto de actuaci\u00f3n, en el que se estipula que garantiza los derechos de los lectores, y atiende sus dudas, quejas y sugerencias sobre los contenidos del peri\u00f3dico. Tambi\u00e9n vigila que el tratamiento de las informaciones sea acorde con las reglas \u00e9ticas y profesionales del periodismo. El Ombudsman, que es nombrado por el director del peri\u00f3dico entre periodistas de reconocido prestigio, credibilidad y solvencia profesionales, interviene a instancias de cualquier lector o por iniciativa propia. Este puesto tiene cuatro a\u00f1os de experiencia en El Pa\u00eds y por \u00e9l han pasado tres extraordinarios profesionales.<br \/>\nLa libertad de expresi\u00f3n y el derecho a la informaci\u00f3n son dos principios esenciales para la existencia de la prensa libre, que es una de las instituciones b\u00e1sicas del Estado de derecho. Tanto es as\u00ed que no se puede hablar de democracia en ausencia de una prensa que no tenga las garant\u00edas suficientes para desarrollar su labor. Los periodistas ejercemos estos dos derechos esenciales en nombre de la opini\u00f3n p\u00fablica, de nuestros lectores. Ello nos obliga ante la sociedad en una medida m\u00e1s amplia que el estricto respeto a las leyes, que debemos acatar como el resto de los ciudadanos. Cuando los periodistas exigimos informaci\u00f3n en nombre de la opini\u00f3n p\u00fablica o criticamos a personas o instituciones de la Administraci\u00f3n o de la sociedad civil, contraemos una responsabilidad moral y pol\u00edtica, adem\u00e1s de jur\u00eddica. Es decir, que se puede abusar del derecho a la libertad de expresi\u00f3n o del derecho a la informaci\u00f3n sin infringir la ley.<br \/>\nDe vez en cuando, la prensa espa\u00f1ola ofrece ejemplos que demuestran c\u00f3mo el periodismo puede ser puesto al servicio de intereses ajenos a los lectores; c\u00f3mo se desarrollan a la luz p\u00fablica campa\u00f1as de opini\u00f3n que responden a oscuras pugnas financieras o mercantiles; c\u00f3mo a veces la caza y captura de ciudadanos se disfraza de periodismo de investigaci\u00f3n. Convertir los medios de comunicaci\u00f3n en armas del tr\u00e1fico de influencias al servicio de intereses que no se declaran es una pr\u00e1ctica de abuso que crece a la sombra de la libertad. Por eso hemos procurado que las opiniones de El Pa\u00eds, equivocadas o no, hayan sido siempre n\u00edtidas; sus due\u00f1os, conocidos; sus cuentas, auditadas desde el comienzo, y sus motivaciones, p\u00fablicas.<br \/>\nLa defensa de la libertad de expresi\u00f3n pasa por el establecimiento de mecanismos de transparencia en el ejercicio de esta profesi\u00f3n, a fin de no arruinar el \u00fanico patrimonio de nuestro oficio: la credibilidad. Entre esos mecanismos figura por propios m\u00e9ritos este Libro de Estilo, que servir\u00e1, si somos capaces de utilizarlo bien, para defender a los lectores del sensacionalismo, el amarillismo y el corporativismo de los profesionales. Porque a veces ocurre que en la menci\u00f3n abusiva de la libertad de informaci\u00f3n y de expresi\u00f3n se escudan sus enemigos para negar las cr\u00edticas leg\u00edtimas y la labor de control del poder, incluido el de los propios periodistas.<br \/>\n<strong>\u201cLa Naci\u00f3n. Manual de Estilo y Etica Period\u00edstica.\u201d(Espasa)<\/strong><br \/>\n<img loading=\"lazy\" decoding=\"async\" alt=\"lanacion.jpg\" src=\"http:\/\/www.bdp.org.ar\/facultad\/catedras\/comsoc\/redaccion1\/unidades\/lanacion.jpg\" width=\"87\" height=\"139\" align=\"right\" hspace=\"20\" \/><br \/>\n\u201cEs un axioma de nuestra profesi\u00f3n que el estilo claro tiende a responder a las funciones period\u00edsticas de la comunicaci\u00f3n: rapidez de lectura, m\u00ednimo esfuerzo posible de interpretaci\u00f3n y m\u00e1xima concentraci\u00f3n informativa.<br \/>\nLos estudios, y no pocas pol\u00e9micas, sobre la comprensibilidad de textos y facilidad de lectura period\u00edsitica se iniciaron despu\u00e9s de la Segunda Guerra Mundial. La agencia de noticias AP, por ejemplo, contrat\u00f3 a Rudolf Flesh, autor de \u201cEl arte de la escritura le\u00edble\u201d, para analizar el estilo de la prosa y proponer un aprendizaje del estilo. La agencia UPI encarg\u00f3 la misma labor a Robert Grunning que desarroll\u00f3 el \u201cFox Index\u201d para medir la complejidad de la escritura. Parece que el \u201cIndex de confusi\u00f3n\u201d de \u00e9ste y las mediciones de Flesh, que lleg\u00f3 a la conclusi\u00f3n de que generalmente se sobreestima el bagaje de informaci\u00f3n que tienen los lectores y se desestima su inteligencia, siguen siendo normas fruct\u00edferas para ambas agencias.<br \/>\nLo cierto es que los pa\u00edses que han puesto los estudios estad\u00edsticos sobre la comprensibilidad del lenguaje en la base de la t\u00e9cnica de la escritura tienen hoy libros de texto, revistas y diarios m\u00e1s legibles que los confiados en la improvisaci\u00f3n, voluntariosa, pero deficiente casi siempre.<br \/>\nLos ecos de la pol\u00e9mica resuenan a\u00fan. Escribir con claridad, \u00bfes f\u00e1cil?, \u00bfes dif\u00edcil?, \u00bfes un arte que se aprende? En Italia, cada intelectual y periodista y el simple lector dieron su respuesta a una encuesta de 1968. Alguno record\u00f3 c\u00f3mo Jimmy Carter hab\u00eda lanzado una campa\u00f1a para simplificar el lenguaje de la administraci\u00f3n p\u00fablica, partiendo del presupuesto, sacrosanto, de que as\u00ed como todos pagan los impuestos, todos tienen derecho de comprender lo que dicen el Estado y sus funcionarios.<br \/>\nLa claridad o la falta de claridad del lenguaje period\u00edstico no son s\u00f3lo una elecci\u00f3n del estilo, sino tambi\u00e9n una elecci\u00f3n de p\u00fablico. Hablar y escribir con claridad es, entonces, una opci\u00f3n vital. Y ese p\u00fablico quiere leer y entender.<br \/>\nY por ser parte de nuestras normas de estilo, recordamos las cualidades primordiales del buen estilo period\u00edstico: brevedad, claridad y precisi\u00f3n, dicen unos; claridad, concisi\u00f3n, sencillez, naturalidad, a\u00f1aden otros maestros de este oficio, que alertan: claridad no es superficialidad; ni concisi\u00f3n, laconismo; ni sencillez y naturalidad significan vulgaridad, plebeyez, ordinariez.\u201d<br \/>\n<strong>Clar\u00edn.\u201cManual de Estilo\u201d, Clar\u00edn-Aguilar UTE.<\/strong><br \/>\n<img loading=\"lazy\" decoding=\"async\" alt=\"lanacion.jpg\" src=\"http:\/\/www.bdp.org.ar\/facultad\/catedras\/comsoc\/redaccion1\/unidades\/lanacion.jpg\" width=\"87\" height=\"139\" align=\"left\" hspace=\"30\" \/><br \/>\n\u201c El texto period\u00edstico es un tipo de discurso aut\u00f3nomo, que se diferencia de la ficci\u00f3n, el discurso cient\u00edfico, los informes judiciales o policiales. Posee, por lo tanto, sus propias reglas de construcci\u00f3n y uso. La producci\u00f3n del texto se desarrolla en tres registros: informativo, argumentativo y narrativo, lo que da lugar a g\u00e9neros espec\u00edficos seg\u00fan se trate de la cobertura de la actualidad (informativo), el an\u00e1lisis y la opini\u00f3n (argumentativo), o el relato de sucesos, historias o personajes (narrativo). Si bien en cada g\u00e9nero predomina uno de los registros, la redacci\u00f3n de la noticia requiere flexibilidad y admite recurrir a otros registros cuando es necesario.<br \/>\nTodos los textos period\u00edsticos provienen de un primer paso en la edici\u00f3n diaria: la selecci\u00f3n y evaluaci\u00f3n de la informaci\u00f3n que se va a publicar. Los criterios b\u00e1sicos para la construcci\u00f3n del texto period\u00edstico, en t\u00e9rminos generales, son:<br \/>\na) La secuencia interna, especialmente en las cr\u00f3nicas, responde a la relevancia informativa, esto es, el ordenamiento de la informaci\u00f3n seg\u00fan su importancia.<br \/>\nb) Claridad, concisi\u00f3n y precisi\u00f3n. Estas condiciones se ven facilitadas cuando el periodista conoce el tema o ha podido interiorizarse de los rasgos esenciales del acontecimiento. Es aconsejable no recurrir a frases subordinadas porque dificultan la lectura.<br \/>\nc) Evitar los supuestos, dar por sabido informaci\u00f3n que el lector no tiene por qu\u00e9 conocer ni haber le\u00eddo en ediciones anteriores. La necesidad de contexto (o background) dentro de una cr\u00f3nica responde a este criterio, y est\u00e1 acotada por el espacio disponible y las exigencia puntuales de la informaci\u00f3n en cuesti\u00f3n.\u201d<\/p>\n","protected":false},"excerpt":{"rendered":"<p>UNIDAD 1 TEXTOS COMPLEMENTARIOS \/ ir a Noci\u00f3n de Audiencia Adaptaci\u00f3n de la C\u00e1tedra del concepto de audiencia extra\u00eddo de los Libros de Estilo de los diarios El Pa\u00eds, La Naci\u00f3n y Clar\u00edn. \u201cEl Pa\u00eds. Libro de Estilo\u201d (Ediciones El Pa\u00eds). Desde noviembre de 1977, fecha en la que se public\u00f3 la primera edici\u00f3n, muchos [&hellip;]<\/p>\n","protected":false},"author":37,"featured_media":0,"comment_status":"closed","ping_status":"closed","sticky":false,"template":"","format":"standard","meta":{"footnotes":""},"categories":[4],"tags":[],"_links":{"self":[{"href":"https:\/\/redaccion1.fcpolit.unr.edu.ar\/programa\/wp-json\/wp\/v2\/posts\/96"}],"collection":[{"href":"https:\/\/redaccion1.fcpolit.unr.edu.ar\/programa\/wp-json\/wp\/v2\/posts"}],"about":[{"href":"https:\/\/redaccion1.fcpolit.unr.edu.ar\/programa\/wp-json\/wp\/v2\/types\/post"}],"author":[{"embeddable":true,"href":"https:\/\/redaccion1.fcpolit.unr.edu.ar\/programa\/wp-json\/wp\/v2\/users\/37"}],"replies":[{"embeddable":true,"href":"https:\/\/redaccion1.fcpolit.unr.edu.ar\/programa\/wp-json\/wp\/v2\/comments?post=96"}],"version-history":[{"count":0,"href":"https:\/\/redaccion1.fcpolit.unr.edu.ar\/programa\/wp-json\/wp\/v2\/posts\/96\/revisions"}],"wp:attachment":[{"href":"https:\/\/redaccion1.fcpolit.unr.edu.ar\/programa\/wp-json\/wp\/v2\/media?parent=96"}],"wp:term":[{"taxonomy":"category","embeddable":true,"href":"https:\/\/redaccion1.fcpolit.unr.edu.ar\/programa\/wp-json\/wp\/v2\/categories?post=96"},{"taxonomy":"post_tag","embeddable":true,"href":"https:\/\/redaccion1.fcpolit.unr.edu.ar\/programa\/wp-json\/wp\/v2\/tags?post=96"}],"curies":[{"name":"wp","href":"https:\/\/api.w.org\/{rel}","templated":true}]}}