{"id":87,"date":"2008-03-11T08:17:50","date_gmt":"2008-03-11T08:17:50","guid":{"rendered":"http:\/\/fcpolit.unr.edu.ar\/blogs\/programa\/2008\/03\/11\/orden-natural-mabel-marro-y-amalia-dellamea\/"},"modified":"2008-03-11T08:17:50","modified_gmt":"2008-03-11T08:17:50","slug":"orden-natural-mabel-marro-y-amalia-dellamea","status":"publish","type":"post","link":"https:\/\/redaccion1.fcpolit.unr.edu.ar\/programa\/2008\/03\/11\/orden-natural-mabel-marro-y-amalia-dellamea\/","title":{"rendered":"Orden natural &#8211; Mabel MARRO y Amalia DELLAMEA"},"content":{"rendered":"<p><strong>UNIDAD 1<\/strong><br \/>\n<strong>TEXTO FUENTE<\/strong>\/ ir a <a href=\"http:\/\/www.bdp.org.ar\/facultad\/catedras\/comsoc\/redaccion1\/unidades\/2007\/05\/estrategias_de_produccion_sema.php\">Estrategias de producci\u00f3n sem\u00e1ntica<\/a><br \/>\n<strong><br \/>\nMabel MARRO y Amalia DELLAMEA<\/strong>, en <em>Producci\u00f3n de textos,<\/em> M\u00f3dulo 1, Unidad 1, 1993.<br \/>\n&#8220;Se supone que existe u orden natural reconocido por los lectores u oyentes para la representaci\u00f3n de los hechos. Seg\u00fan este orden, si no hay indicaci\u00f3n de lo contrario, el primer evento mencionado en un texto ocurri\u00f3 primero, y el segundo lo sigui\u00f3. (Levelt, 1982)<br \/>\nLa noci\u00f3n de ordenamiento es una de las respuestas dadas al problema de la linearizaci\u00f3n, que es la toma de decisi\u00f3n sobre qu\u00e9 va primero y qu\u00e9 va despu\u00e9s en un texto o fragmento de texto. Existen ordenamientos estereot\u00edpicos en varios g\u00e9neros discursivos.<br \/>\nHay, por ejemplo, u orden natural en la descripci\u00f3n de departamentos o viviendas (Linde y Labov, 1975; Levelt, 1982). En estas descripciones, el orden natural que adquiere el discurso es semejante a una visita guiada: se explica primero c\u00f3mo llegar al lugar y luego se presentan sucesivamente los ambientes, tal como una persona los transita desde que abre la puerta, hasta llegar al lugar m\u00e1s alejado de la entrada.<br \/>\nEl ejemplo que sigue muestra el orden natural en este g\u00e9nero discursivo para la descripci\u00f3n de un departamento en la Capital Federal.<br \/>\nCuando baja del ascensor camine hacia la izquierda. Al abrir la puerta encontrar\u00e1 un amplio living comedor con ventanales corredizos de cuatro metros por tres, con vista a la Plaza de los Dos Congresos. M\u00e1s adelante, a la derecha, est\u00e1 la cocina con espacio suficiente para una mesa y cuatro sillas. Enfrente de la cocina, un pasillo lo conducir\u00e1 a los dos dormitorios, de amplias dimensiones y con vista a la calle Hip\u00f3lito Yrigoyen. Al final del corredor hallar\u00e1 el ba\u00f1o y una peque\u00f1a habitaci\u00f3n de servicio, con posibilidades de ser utilizada como despensa&#8230;<br \/>\nLo mismo es v\u00e1lido para descripciones verbales de planos, parra orientar visitas autoguiadas a museos y a exposiciones, entre otros usos sociales. Las descripciones literarias normalmente quiebran este orden natural para crear efectos estil\u00edsticos acordes con las necesidades expresivas del autor.<br \/>\nCon referencia a las narrativas tradicionales, en la cultura occidental, a diferencia de otras culturas, asumen el orden natural de una secuencia de eventos en el tiempo (Grimes, 1975; Becker, 1980). Normalmente se presentan los hechos en el orden en que ocurrieron y en una relaci\u00f3n que implica que los elementos presentados en segundo lugar fueron causados por los primeros.<br \/>\nPara la descripci\u00f3n de estados de cosas, el orden natural es el indicado por la saliencia perceptiva de cada entidad. As\u00ed, la m\u00e1s saliente ser\u00e1 mencionada primero (van Dijk y Kintsch; 1983). Un patr\u00f3n de ordenamiento normal son las relaciones: 1) general-particular; 2) todo-parte-componente; 3) incluyente-incluido; 4) mayor-menor; 5) afuera-adentro; 6) poseedor-pose\u00eddo.<br \/>\nEjemplos de orden natural para la descripci\u00f3n de estados de cosas:<br \/>\n1. Todos los hombres son mortales. S\u00f3crates es mortal.<br \/>\n2. La Tierra ha sido dividida en dos hemisferios: el Norte y el Sur. La Argentina est\u00e1 situada en el extremo m\u00e1s austral de la Tierra.<br \/>\n3. Los diarios incluyen notas de ciencia y tecnolog\u00eda.<br \/>\n4. La comisi\u00f3n estaba integrada por generales, coroneles, mayores, capitanes y tenientes.<br \/>\n5. La c\u00e9lula est\u00e1 recubierta por una membrana que a\u00edsla del medio externo al n\u00facleo celular.<br \/>\n6. M\u00e1s del 50 por ciento de los argentinos no tienen vivienda propia.<br \/>\nLos escritores revierten intencionalmente el orden natural para crear un efecto especial de sentido. As\u00ed, por ejemplo, no tener en cuenta la saliencia perceptiva de un estado de cosas puede estar relacionado con el mantenimiento de un punto de vista consistente, desde el cual se ven los eventos. En una descripci\u00f3n de una persona realizada desde un punto de vista subjetivo, el hablante podr\u00e1 decir como en los versos de Quevedo: &#8220;Erase un hombre a una nariz pegado, \u00e9rase un naric\u00edsimo infinito&#8221;. En ellos, no se sigue el orden de saliencias perceptivas propias de las descripciones, sino la saliencia perceptiva creada por el punto de vista del escritor.<br \/>\nPara una mejor comprensi\u00f3n de la din\u00e1mica existente entre orden natural y reordenamientos se estudiar\u00e1n aqu\u00ed dos de las estrategias de ordenamiento natural m\u00e1s frecuentes presentadas arriba, a las que se a\u00f1aden ejemplos de reordenamientos.<br \/>\nA. La presentaci\u00f3n de sucesos y acciones sigue el orden natural cuando reproduce la cronolog\u00eda de lo ocurrido.<br \/>\n<strong>Orden natural<\/strong><br \/>\nEl lleg\u00f3 a su casa, abri\u00f3 la puerta y sinti\u00f3 dos impactos de<br \/>\nbala en el pecho.<br \/>\n<strong>Reordenamiento<\/strong><br \/>\nCuando sinti\u00f3 dos impactos de bala en el pecho acababa de llegar a su casa y estaba abriendo la puerta.<br \/>\nB. La descripci\u00f3n de objetos, personas o estados de cosas sigue el orden natural cuando presenta en primer lugar lo general y luego particulariza; es decir, del nivel m\u00e1s elevado de abstracci\u00f3n conduce a uno m\u00e1s concreto. En algunos casos la progresi\u00f3n va del todo a las partes.<br \/>\n<strong>Orden natural de lo general a lo particular<\/strong><br \/>\nEstaba nervioso, sus p\u00f3mulos estaban enrojecidos, los labios le temblaban y tiritaba.<br \/>\n<strong>Reordenamiento de lo particular a lo general<\/strong><br \/>\nSus p\u00f3mulos estaban enrojecidos, los labios le temblaban y tiritaba. Estaba nervioso.<br \/>\nEn el segundo caso, el escritor deja para el final de la frase la caracter\u00edstica: &#8220;Estaba nervioso&#8221; con el objeto de conducir progresivamente al lector hacia esa conclusi\u00f3n general.<br \/>\nAdem\u00e1s del conjunto de estrategias analizadas hasta aqu\u00ed, es posible dar por sentado que hay cuestiones generales que los usuarios del lenguaje reconocen como naturales. As\u00ed, en la presentaci\u00f3n de personas o cosas, que se presuponen desconocidas o poco familiares para el interlocutor, se sigue un orden natural cuando se la acompa\u00f1a inmediatamente de datos identificatorios: nombre, edad, nacionalidad, o profesi\u00f3n, si son personas; y especie, clase o funci\u00f3n, si son cosas, sean estas animadas o inanimadas.<br \/>\n<strong>Orden natural en la presentaci\u00f3n de personas<\/strong><br \/>\nGuy Laroche, modisto franc\u00e9s de fama internacional, muri\u00f3 ayer en Par\u00eds, a los 65 a\u00f1os.<br \/>\nLa empresa que conduc\u00eda era centro habitual de reuniones y de consulta no s\u00f3lo de la jerarquizada clientela que recurr\u00eda a ella, sino de otros expertos en el arte del vestido.<br \/>\nEl hecho de presentar en el primer lugar de la emisi\u00f3n datos precisos sobre el participante principal asegura al emisor que el conocimiento es ahora compartido con su interlocutor, y asimismo le permite economizar espacio o tiempo ya que la presentaci\u00f3n exhaustiva posibilita la referencia al participante desde sus distintas caracter\u00edsticas: modisto, famoso, dise\u00f1ador, franc\u00e9s, sexagenario.<br \/>\nLos hablantes y escritores producen constantemente reordenamientos por razones cognitivas, pragm\u00e1ticas e interaccionales y ret\u00f3ricas (van Dijk, 1977). En este punto conviene precisar que, especialmente en el lenguaje escrito -en el que el interlocutor est\u00e1 ausente y no puede interrogar al autor para esclarecer sus dudas- el escritor debe mantener activa la noci\u00f3n de ordenamiento porque, de lo contrario, llevar\u00e1 al lector a percibir ambig\u00fcedad, falta de claridad y a realizar interpretaciones err\u00f3neas. En este sentido, habr\u00e1 que diferenciar el orden natural, el desorden no intencionado y los reordenamientos&#8221;.<\/p>\n","protected":false},"excerpt":{"rendered":"<p>UNIDAD 1 TEXTO FUENTE\/ ir a Estrategias de producci\u00f3n sem\u00e1ntica Mabel MARRO y Amalia DELLAMEA, en Producci\u00f3n de textos, M\u00f3dulo 1, Unidad 1, 1993. &#8220;Se supone que existe u orden natural reconocido por los lectores u oyentes para la representaci\u00f3n de los hechos. Seg\u00fan este orden, si no hay indicaci\u00f3n de lo contrario, el primer [&hellip;]<\/p>\n","protected":false},"author":37,"featured_media":0,"comment_status":"closed","ping_status":"closed","sticky":false,"template":"","format":"standard","meta":{"footnotes":""},"categories":[3],"tags":[],"_links":{"self":[{"href":"https:\/\/redaccion1.fcpolit.unr.edu.ar\/programa\/wp-json\/wp\/v2\/posts\/87"}],"collection":[{"href":"https:\/\/redaccion1.fcpolit.unr.edu.ar\/programa\/wp-json\/wp\/v2\/posts"}],"about":[{"href":"https:\/\/redaccion1.fcpolit.unr.edu.ar\/programa\/wp-json\/wp\/v2\/types\/post"}],"author":[{"embeddable":true,"href":"https:\/\/redaccion1.fcpolit.unr.edu.ar\/programa\/wp-json\/wp\/v2\/users\/37"}],"replies":[{"embeddable":true,"href":"https:\/\/redaccion1.fcpolit.unr.edu.ar\/programa\/wp-json\/wp\/v2\/comments?post=87"}],"version-history":[{"count":0,"href":"https:\/\/redaccion1.fcpolit.unr.edu.ar\/programa\/wp-json\/wp\/v2\/posts\/87\/revisions"}],"wp:attachment":[{"href":"https:\/\/redaccion1.fcpolit.unr.edu.ar\/programa\/wp-json\/wp\/v2\/media?parent=87"}],"wp:term":[{"taxonomy":"category","embeddable":true,"href":"https:\/\/redaccion1.fcpolit.unr.edu.ar\/programa\/wp-json\/wp\/v2\/categories?post=87"},{"taxonomy":"post_tag","embeddable":true,"href":"https:\/\/redaccion1.fcpolit.unr.edu.ar\/programa\/wp-json\/wp\/v2\/tags?post=87"}],"curies":[{"name":"wp","href":"https:\/\/api.w.org\/{rel}","templated":true}]}}