{"id":82,"date":"2008-03-11T08:03:31","date_gmt":"2008-03-11T08:03:31","guid":{"rendered":"http:\/\/fcpolit.unr.edu.ar\/blogs\/programa\/2008\/03\/11\/proposiciones-teun-van-dijk\/"},"modified":"2008-03-11T08:03:31","modified_gmt":"2008-03-11T08:03:31","slug":"proposiciones-teun-van-dijk","status":"publish","type":"post","link":"https:\/\/redaccion1.fcpolit.unr.edu.ar\/programa\/2008\/03\/11\/proposiciones-teun-van-dijk\/","title":{"rendered":"Proposiciones &#8211; Teun VAN DIJK"},"content":{"rendered":"<p><strong>UNIDAD 1<\/strong><br \/>\n<strong>TEXTO FUENTE<\/strong>\/ ir a <a href=\"http:\/\/www.bdp.org.ar\/facultad\/catedras\/comsoc\/redaccion1\/unidades\/2007\/05\/estrategias_interactivas_y_pra.php\">Estrategias interactivas y pragm\u00e1ticas<\/a><br \/>\n<strong>van DIJK, Teun<\/strong>, (1983), Gram\u00e1tica del texto: desarrollo y problem\u00e1tica en <em>Estructuras y Funciones del discurso<\/em>, pp. 25-29. Adaptaci\u00f3n de la C\u00e1tedra.<br \/>\nSabemos que hay una dimensi\u00f3n sem\u00e1ntica constitutiva de los textos. La sem\u00e1ntica ling\u00fc\u00edstica cl\u00e1sica tiene que ver principalmente con el significado de expresiones verbales. Los significados, tambi\u00e9n llamados intensiones, son estructuras conceptuales atribuidas a palabras, grupos de palabras, y oraciones. Una sem\u00e1ntica intensional de textos, entonces, da cuenta de las relaciones de significados entre oraciones en secuencia.<br \/>\nSin embargo, la coherencia de los textos no es \u00fanicamente intensional, sino tambi\u00e9n depende de las relaciones entre referentes de las expresiones de las oraciones respectivas; a \u00e9stos tambi\u00e9n se les llama extensiones.<br \/>\nLos objetos espec\u00edficos de una sem\u00e1ntica intensional ya no son oraciones, que son objetos sint\u00e1cticos, sino proposiciones. A grandes rasgos, una proposici\u00f3n es el significado que subyace en una oraci\u00f3n simple. Cuando queremos hablar de relaciones sem\u00e1nticas entre oraciones de un texto, hablamos, de hecho, de relaciones entre proposiciones tal como se expresan en las oraciones subsiguientes de un texto.<br \/>\nComo dijimos antes, esta coherencia de los textos es a la vez intensional y extensional: hay relaciones entre los significados de oraciones, as\u00ed como entre los referentes.<br \/>\nPrimero, habr\u00e1 que identificar qu\u00e9 tipos de relaciones existen entre oraciones, o, m\u00e1s bien, entre proposiciones como un todo. Despu\u00e9s, ser\u00e1 necesario analizar como esas proposiciones se vinculan a trav\u00e9s de relaciones entre sus partes constituyentes respectivas (estrategias de coherencia local). El criterio b\u00e1sico de la coherencia proposicional de textos es referencial.<br \/>\nEsto quiere decir que las proposiciones est\u00e1n relacionadas si los hechos denotados por ellas est\u00e1n relacionados.<\/p>\n","protected":false},"excerpt":{"rendered":"<p>UNIDAD 1 TEXTO FUENTE\/ ir a Estrategias interactivas y pragm\u00e1ticas van DIJK, Teun, (1983), Gram\u00e1tica del texto: desarrollo y problem\u00e1tica en Estructuras y Funciones del discurso, pp. 25-29. Adaptaci\u00f3n de la C\u00e1tedra. Sabemos que hay una dimensi\u00f3n sem\u00e1ntica constitutiva de los textos. La sem\u00e1ntica ling\u00fc\u00edstica cl\u00e1sica tiene que ver principalmente con el significado de expresiones [&hellip;]<\/p>\n","protected":false},"author":37,"featured_media":0,"comment_status":"closed","ping_status":"closed","sticky":false,"template":"","format":"standard","meta":{"footnotes":""},"categories":[3],"tags":[],"_links":{"self":[{"href":"https:\/\/redaccion1.fcpolit.unr.edu.ar\/programa\/wp-json\/wp\/v2\/posts\/82"}],"collection":[{"href":"https:\/\/redaccion1.fcpolit.unr.edu.ar\/programa\/wp-json\/wp\/v2\/posts"}],"about":[{"href":"https:\/\/redaccion1.fcpolit.unr.edu.ar\/programa\/wp-json\/wp\/v2\/types\/post"}],"author":[{"embeddable":true,"href":"https:\/\/redaccion1.fcpolit.unr.edu.ar\/programa\/wp-json\/wp\/v2\/users\/37"}],"replies":[{"embeddable":true,"href":"https:\/\/redaccion1.fcpolit.unr.edu.ar\/programa\/wp-json\/wp\/v2\/comments?post=82"}],"version-history":[{"count":0,"href":"https:\/\/redaccion1.fcpolit.unr.edu.ar\/programa\/wp-json\/wp\/v2\/posts\/82\/revisions"}],"wp:attachment":[{"href":"https:\/\/redaccion1.fcpolit.unr.edu.ar\/programa\/wp-json\/wp\/v2\/media?parent=82"}],"wp:term":[{"taxonomy":"category","embeddable":true,"href":"https:\/\/redaccion1.fcpolit.unr.edu.ar\/programa\/wp-json\/wp\/v2\/categories?post=82"},{"taxonomy":"post_tag","embeddable":true,"href":"https:\/\/redaccion1.fcpolit.unr.edu.ar\/programa\/wp-json\/wp\/v2\/tags?post=82"}],"curies":[{"name":"wp","href":"https:\/\/api.w.org\/{rel}","templated":true}]}}