{"id":78,"date":"2008-03-11T07:44:19","date_gmt":"2008-03-11T07:44:19","guid":{"rendered":"http:\/\/fcpolit.unr.edu.ar\/blogs\/programa\/2008\/03\/11\/la-audiencia-de-los-medios-de-comunicacion-denis-mc-quail\/"},"modified":"2008-03-11T07:44:19","modified_gmt":"2008-03-11T07:44:19","slug":"la-audiencia-de-los-medios-de-comunicacion-denis-mc-quail","status":"publish","type":"post","link":"https:\/\/redaccion1.fcpolit.unr.edu.ar\/programa\/2008\/03\/11\/la-audiencia-de-los-medios-de-comunicacion-denis-mc-quail\/","title":{"rendered":"La audiencia de los medios de comunicaci\u00f3n &#8211; Denis MC QUAIL"},"content":{"rendered":"<p><strong>UNIDAD 1<\/strong><br \/>\n<strong>TEXTO FUENTE<\/strong> \/ ir a <a href=\"http:\/\/www.bdp.org.ar\/facultad\/catedras\/comsoc\/redaccion1\/unidades\/2003\/07\/nocion_de_audiencia_t_base_7.php\">Noci\u00f3n de audiencia<\/a><br \/>\n<strong>MC QUAIL, Denis<\/strong>, Cap\u00edtulo N\u00b0 6 La audiencia de los medios de comunicaci\u00f3n de <em>Introducci\u00f3n a la teor\u00eda de la comunicaci\u00f3n de masas<\/em>. Adaptaci\u00f3n de la C\u00e1tedra<br \/>\nEl elemento m\u00e1s crucial que da lugar a plantearse preguntas sobre la audiencia es su naturaleza dual. Se trata de una colectividad formada en respuesta al contenido de un medio de un comunicaci\u00f3n y definida por la atenci\u00f3n a ese contenido o bien de algo que existe previamente en la vida social y resulta en un momento abastecido por el suministro de un concreto medio de comunicaci\u00f3n. Tampoco es raro que sea, de un modo inextricable, ambas cosas a la vez.<br \/>\nAs\u00ed, los fans de un concreto escritor, grupo musical o serie de televisi\u00f3n son su audiencia, pero una audiencia que no es f\u00e1cil de localizar en el tiempo ni en el espacio y que tal vez no tenga ninguna otra existencia en cuanto grupo social.<br \/>\nEn el otro extremo, los habitantes de una peque\u00f1a comunidad pueden tener su propio peri\u00f3dico local, que sirve a sus necesidades, pero que no ha desempe\u00f1ado ning\u00fan papel en la creaci\u00f3n de la comunidad, en la definici\u00f3n de sus fronteras ni en la determinaci\u00f3n de su continuidad.<br \/>\nEn las relaciones entre los medios de comunicaci\u00f3n como fuentes y la gente como receptores, hay muchas variantes emp\u00edricas que dan lugar a distintas clases de audiencias y plantean numerosos problemas al estudiar las audiencias que han surgido de esta diversidad. Debido a esto, lo m\u00e1s apropiado es considerar que las audiencias son tanto la causa como la respuesta a la oferta de mensajes.<\/p>\n","protected":false},"excerpt":{"rendered":"<p>UNIDAD 1 TEXTO FUENTE \/ ir a Noci\u00f3n de audiencia MC QUAIL, Denis, Cap\u00edtulo N\u00b0 6 La audiencia de los medios de comunicaci\u00f3n de Introducci\u00f3n a la teor\u00eda de la comunicaci\u00f3n de masas. Adaptaci\u00f3n de la C\u00e1tedra El elemento m\u00e1s crucial que da lugar a plantearse preguntas sobre la audiencia es su naturaleza dual. Se [&hellip;]<\/p>\n","protected":false},"author":37,"featured_media":0,"comment_status":"closed","ping_status":"closed","sticky":false,"template":"","format":"standard","meta":{"footnotes":""},"categories":[3],"tags":[],"_links":{"self":[{"href":"https:\/\/redaccion1.fcpolit.unr.edu.ar\/programa\/wp-json\/wp\/v2\/posts\/78"}],"collection":[{"href":"https:\/\/redaccion1.fcpolit.unr.edu.ar\/programa\/wp-json\/wp\/v2\/posts"}],"about":[{"href":"https:\/\/redaccion1.fcpolit.unr.edu.ar\/programa\/wp-json\/wp\/v2\/types\/post"}],"author":[{"embeddable":true,"href":"https:\/\/redaccion1.fcpolit.unr.edu.ar\/programa\/wp-json\/wp\/v2\/users\/37"}],"replies":[{"embeddable":true,"href":"https:\/\/redaccion1.fcpolit.unr.edu.ar\/programa\/wp-json\/wp\/v2\/comments?post=78"}],"version-history":[{"count":0,"href":"https:\/\/redaccion1.fcpolit.unr.edu.ar\/programa\/wp-json\/wp\/v2\/posts\/78\/revisions"}],"wp:attachment":[{"href":"https:\/\/redaccion1.fcpolit.unr.edu.ar\/programa\/wp-json\/wp\/v2\/media?parent=78"}],"wp:term":[{"taxonomy":"category","embeddable":true,"href":"https:\/\/redaccion1.fcpolit.unr.edu.ar\/programa\/wp-json\/wp\/v2\/categories?post=78"},{"taxonomy":"post_tag","embeddable":true,"href":"https:\/\/redaccion1.fcpolit.unr.edu.ar\/programa\/wp-json\/wp\/v2\/tags?post=78"}],"curies":[{"name":"wp","href":"https:\/\/api.w.org\/{rel}","templated":true}]}}