{"id":71,"date":"2008-03-10T16:36:29","date_gmt":"2008-03-10T16:36:29","guid":{"rendered":"http:\/\/fcpolit.unr.edu.ar\/blogs\/programa\/2008\/03\/10\/transformaciones\/"},"modified":"2008-03-10T16:36:29","modified_gmt":"2008-03-10T16:36:29","slug":"transformaciones","status":"publish","type":"post","link":"https:\/\/redaccion1.fcpolit.unr.edu.ar\/programa\/2008\/03\/10\/transformaciones\/","title":{"rendered":"Transformaciones"},"content":{"rendered":"<p><img loading=\"lazy\" decoding=\"async\" alt=\"guerra.jpg\" src=\"http:\/\/www.bdp.org.ar\/facultad\/catedras\/comsoc\/redaccion1\/unidades\/guerra.jpg\" width=\"238\" height=\"160\" align=\"right\" hspace=\"15\" \/><br \/>\n<strong>UNIDAD 2<br \/>\nTRABAJO PR\u00c1CTICO<\/strong>\/ Ir a <a href=\"https:\/\/blogs.fcpolit.unr.edu.ar\/programa\/2008\/03\/10\/complementacion-entre-los-procesos-de-lectura-y-escritura\/\" target=\"_blank\" rel=\"noopener\">Complementaci\u00f3n entre los procesos de lectura y escritura<\/a><br \/>\nEl objetivo de este trabajo es complementar las producciones de lectura y escritura aplicando transformaciones al lenguaje y a la organizaci\u00f3n de la informaci\u00f3n.<br \/>\nLes proponemos como inicio, el texto de Julio Cort\u00e1zar, <a href=\"https:\/\/blogs.fcpolit.unr.edu.ar\/programa\/2008\/07\/18\/tema-para-un-tapiz-julio-cortazar\/\" target=\"_blank\" rel=\"noopener\">Tema para un tapiz<\/a>:<br \/>\n<strong>Consignas:<\/strong><br \/>\n<strong>Primera tarea:<\/strong><br \/>\nSi est\u00e1n de acuerdo con nosotros en que \u201cTema para un tapiz\u201d concluye con un final abierto, les proponemos que inventen y escriban un final cerrado para ese texto.<br \/>\n<strong>Segunda tarea:<\/strong><br \/>\nLes proponemos transformar \u201cTema para un tapiz\u201d, incluido el final inventado, en otro texto que tenga superestructura de noticia.<br \/>\n<strong>Ayuda para la producci\u00f3n:<\/strong><br \/>\nLes sugerimos recurrir a los textos fuente Reordenamientos y La estructura de los textos y la comprensi\u00f3n donde encontrar\u00e1n elementos te\u00f3ricos de ayuda para este tipo de producci\u00f3n.<\/p>\n","protected":false},"excerpt":{"rendered":"<p>UNIDAD 2 TRABAJO PR\u00c1CTICO\/ Ir a Complementaci\u00f3n entre los procesos de lectura y escritura El objetivo de este trabajo es complementar las producciones de lectura y escritura aplicando transformaciones al lenguaje y a la organizaci\u00f3n de la informaci\u00f3n. Les proponemos como inicio, el texto de Julio Cort\u00e1zar, Tema para un tapiz: Consignas: Primera tarea: Si [&hellip;]<\/p>\n","protected":false},"author":37,"featured_media":0,"comment_status":"closed","ping_status":"closed","sticky":false,"template":"","format":"standard","meta":{"footnotes":""},"categories":[12],"tags":[],"_links":{"self":[{"href":"https:\/\/redaccion1.fcpolit.unr.edu.ar\/programa\/wp-json\/wp\/v2\/posts\/71"}],"collection":[{"href":"https:\/\/redaccion1.fcpolit.unr.edu.ar\/programa\/wp-json\/wp\/v2\/posts"}],"about":[{"href":"https:\/\/redaccion1.fcpolit.unr.edu.ar\/programa\/wp-json\/wp\/v2\/types\/post"}],"author":[{"embeddable":true,"href":"https:\/\/redaccion1.fcpolit.unr.edu.ar\/programa\/wp-json\/wp\/v2\/users\/37"}],"replies":[{"embeddable":true,"href":"https:\/\/redaccion1.fcpolit.unr.edu.ar\/programa\/wp-json\/wp\/v2\/comments?post=71"}],"version-history":[{"count":0,"href":"https:\/\/redaccion1.fcpolit.unr.edu.ar\/programa\/wp-json\/wp\/v2\/posts\/71\/revisions"}],"wp:attachment":[{"href":"https:\/\/redaccion1.fcpolit.unr.edu.ar\/programa\/wp-json\/wp\/v2\/media?parent=71"}],"wp:term":[{"taxonomy":"category","embeddable":true,"href":"https:\/\/redaccion1.fcpolit.unr.edu.ar\/programa\/wp-json\/wp\/v2\/categories?post=71"},{"taxonomy":"post_tag","embeddable":true,"href":"https:\/\/redaccion1.fcpolit.unr.edu.ar\/programa\/wp-json\/wp\/v2\/tags?post=71"}],"curies":[{"name":"wp","href":"https:\/\/api.w.org\/{rel}","templated":true}]}}