{"id":390,"date":"2010-05-12T11:42:15","date_gmt":"2010-05-12T11:42:15","guid":{"rendered":"http:\/\/fcpolit.unr.edu.ar\/blogs\/programa\/2010\/05\/12\/los-chicos-de-la-calle-fito-paez\/"},"modified":"2010-05-12T11:42:15","modified_gmt":"2010-05-12T11:42:15","slug":"los-chicos-de-la-calle-fito-paez","status":"publish","type":"post","link":"https:\/\/redaccion1.fcpolit.unr.edu.ar\/programa\/2010\/05\/12\/los-chicos-de-la-calle-fito-paez\/","title":{"rendered":"Los chicos de la calle &#8211; Fito P\u00c1EZ"},"content":{"rendered":"<p><strong>11 y 6<\/strong><br \/>\nEn un caf\u00e9 se vieron por casualidad<br \/>\ncansados en el alma de tanto andar<br \/>\nella ten\u00eda un clavel en la mano.<br \/>\nEl se acerc\u00f3, le pregunt\u00f3 si andaba bien<br \/>\nllegaba a la ventana en puntas de pie<br \/>\ny la llev\u00f3 a caminar por Corrientes.<br \/>\nMiren todos, ellos solos<br \/>\npueden m\u00e1s que el amor<br \/>\ny son m\u00e1s fuertes que el Olimpo.<br \/>\nSe escondieron en el centro<br \/>\ny en el ba\u00f1o de un bar sellaron todo con un beso.<br \/>\nDurante un mes vendieron rosas en &#8220;La Paz&#8221;<br \/>\npresiento que no importaba nada m\u00e1s<br \/>\ny entre los dos juntaron algo.<br \/>\nNo s\u00e9 por qu\u00e9 pero jam\u00e1s los volv\u00ed a ver<br \/>\n\u00e9l carga con 11 y ella con 6<br \/>\ny si re\u00eda, el le daba la luna.<br \/>\nMiren todos, ellos solos<br \/>\npueden m\u00e1s que el amor<br \/>\ny son m\u00e1s fuertes que el Olimpo.<br \/>\nSe escondieron en el centro<br \/>\ny en el ba\u00f1o de un bar sellaron todo con un beso&#8230;<\/p>\n<p><strong>El chico de la tapa <\/strong><br \/>\n(Hola, hola? Cardozo? cuchame ac\u00e1 en Villa Clara<br \/>\nprincipal 4-27 tenemos uno que es de los cabecitas<br \/>\nnegras&#8230; {sigue hablando el poli}&#8230;)<br \/>\nEl chico de la tapa ayer vend\u00eda flores en Corrientes<br \/>\ndespu\u00e9s perdi\u00f3 a su chica en una sala en alg\u00fan hospital<br \/>\ny hoy amablemente y con un gran sonrisa en los dientes<br \/>\nte para en la calle y si no le das te manda a guardar.<br \/>\nSi la polic\u00eda no lo trata muy decentemente<br \/>\nsi los camioneros no lo llevan hasta donde va<br \/>\n\u00e9l se vuelve al Docke caminando muy tranquilamente<br \/>\ncon la 22 en el bolsillo del papel de armar<br \/>\nHace algunos a\u00f1os pateaba la calle<br \/>\nhaciendo &#8220;La Paz&#8221; y vendiendo postales<br \/>\nEl mundo est\u00e1 lleno de hijos de puta<br \/>\ny hoy especialmente est\u00e1 llena la ruta<br \/>\nno voy a morir de amor<br \/>\nEl chico de la tapa tiene algunos asuntos pendientes<br \/>\nsu madre est\u00e1 de yiro y sus hermanos bebiendo en el bar<br \/>\ny el s\u00e1bado a la tarde en la cancha se oye un solo grito<br \/>\nDock Sud ya tuvo un hijo y lo bautizaron Arsenal.<\/p>\n","protected":false},"excerpt":{"rendered":"<p>11 y 6 En un caf\u00e9 se vieron por casualidad cansados en el alma de tanto andar ella ten\u00eda un clavel en la mano. El se acerc\u00f3, le pregunt\u00f3 si andaba bien llegaba a la ventana en puntas de pie y la llev\u00f3 a caminar por Corrientes. Miren todos, ellos solos pueden m\u00e1s que el [&hellip;]<\/p>\n","protected":false},"author":6,"featured_media":0,"comment_status":"closed","ping_status":"closed","sticky":false,"template":"","format":"standard","meta":{"footnotes":""},"categories":[10],"tags":[],"_links":{"self":[{"href":"https:\/\/redaccion1.fcpolit.unr.edu.ar\/programa\/wp-json\/wp\/v2\/posts\/390"}],"collection":[{"href":"https:\/\/redaccion1.fcpolit.unr.edu.ar\/programa\/wp-json\/wp\/v2\/posts"}],"about":[{"href":"https:\/\/redaccion1.fcpolit.unr.edu.ar\/programa\/wp-json\/wp\/v2\/types\/post"}],"author":[{"embeddable":true,"href":"https:\/\/redaccion1.fcpolit.unr.edu.ar\/programa\/wp-json\/wp\/v2\/users\/6"}],"replies":[{"embeddable":true,"href":"https:\/\/redaccion1.fcpolit.unr.edu.ar\/programa\/wp-json\/wp\/v2\/comments?post=390"}],"version-history":[{"count":0,"href":"https:\/\/redaccion1.fcpolit.unr.edu.ar\/programa\/wp-json\/wp\/v2\/posts\/390\/revisions"}],"wp:attachment":[{"href":"https:\/\/redaccion1.fcpolit.unr.edu.ar\/programa\/wp-json\/wp\/v2\/media?parent=390"}],"wp:term":[{"taxonomy":"category","embeddable":true,"href":"https:\/\/redaccion1.fcpolit.unr.edu.ar\/programa\/wp-json\/wp\/v2\/categories?post=390"},{"taxonomy":"post_tag","embeddable":true,"href":"https:\/\/redaccion1.fcpolit.unr.edu.ar\/programa\/wp-json\/wp\/v2\/tags?post=390"}],"curies":[{"name":"wp","href":"https:\/\/api.w.org\/{rel}","templated":true}]}}