{"id":381,"date":"2009-12-14T11:06:58","date_gmt":"2009-12-14T11:06:58","guid":{"rendered":"http:\/\/fcpolit.unr.edu.ar\/blogs\/programa\/2009\/12\/14\/dia-del-periodista-2\/"},"modified":"2009-12-14T11:06:58","modified_gmt":"2009-12-14T11:06:58","slug":"dia-del-periodista-2","status":"publish","type":"post","link":"https:\/\/redaccion1.fcpolit.unr.edu.ar\/programa\/2009\/12\/14\/dia-del-periodista-2\/","title":{"rendered":"D\u00eda del Periodista 2"},"content":{"rendered":"<p><img loading=\"lazy\" decoding=\"async\" alt=\"periodista.jpg\" src=\"http:\/\/www.bdp.org.ar\/facultad\/catedras\/comsoc\/redaccion1\/unidades\/periodista.jpg\" width=\"343\" height=\"511\" align=\"center\" hspace=\"65\" \/><br \/>\n<strong>Unidad 1<br \/>\nActividad<\/strong><br \/>\n<strong>Anibal COLOMBO<\/strong><br \/>\n7 DE JUNIO &#8211; D\u00cdA DEL PERIODISTA<br \/>\nEn nuestro \u00e1mbito de estudio no podemos dejar pasar este recordatorio, por eso realizaremos una &#8220;Actividad&#8221;, para cuya realizaci\u00f3n deber\u00e1n utilizar la informaci\u00f3n recabada de las charlas organizadas en conmemoraci\u00f3n de esa fecha&#8230;<br \/>\n1- \u00bfQu\u00e9 acontecimiento da lugar a la conmemoraci\u00f3n del d\u00eda del periodista?<br \/>\n2- Elegir uno de los dos periodistas que hicieron presentaciones p\u00fablicas en Rosario entre el 4 y 5 de junio, y seleccionar tres textos period\u00edsticos del autor.<br \/>\n3- Analizar en los ejemplos seleccionados:<br \/>\n&#8211; Audiencia<br \/>\n&#8211; Intenci\u00f3n<br \/>\n&#8211; Identificar medio en el cual se public\u00f3<br \/>\n&#8211; Caracter\u00edsticas de superestructura \u00bfes noticia? \u00bfpor qu\u00e9?<br \/>\n&#8211; Informaci\u00f3n de referencias y caracter\u00edsticas de escritura del periodista elegido.<\/p>\n","protected":false},"excerpt":{"rendered":"<p>Unidad 1 Actividad Anibal COLOMBO 7 DE JUNIO &#8211; D\u00cdA DEL PERIODISTA En nuestro \u00e1mbito de estudio no podemos dejar pasar este recordatorio, por eso realizaremos una &#8220;Actividad&#8221;, para cuya realizaci\u00f3n deber\u00e1n utilizar la informaci\u00f3n recabada de las charlas organizadas en conmemoraci\u00f3n de esa fecha&#8230; 1- \u00bfQu\u00e9 acontecimiento da lugar a la conmemoraci\u00f3n del d\u00eda [&hellip;]<\/p>\n","protected":false},"author":6,"featured_media":0,"comment_status":"closed","ping_status":"closed","sticky":false,"template":"","format":"standard","meta":{"footnotes":""},"categories":[5],"tags":[],"_links":{"self":[{"href":"https:\/\/redaccion1.fcpolit.unr.edu.ar\/programa\/wp-json\/wp\/v2\/posts\/381"}],"collection":[{"href":"https:\/\/redaccion1.fcpolit.unr.edu.ar\/programa\/wp-json\/wp\/v2\/posts"}],"about":[{"href":"https:\/\/redaccion1.fcpolit.unr.edu.ar\/programa\/wp-json\/wp\/v2\/types\/post"}],"author":[{"embeddable":true,"href":"https:\/\/redaccion1.fcpolit.unr.edu.ar\/programa\/wp-json\/wp\/v2\/users\/6"}],"replies":[{"embeddable":true,"href":"https:\/\/redaccion1.fcpolit.unr.edu.ar\/programa\/wp-json\/wp\/v2\/comments?post=381"}],"version-history":[{"count":0,"href":"https:\/\/redaccion1.fcpolit.unr.edu.ar\/programa\/wp-json\/wp\/v2\/posts\/381\/revisions"}],"wp:attachment":[{"href":"https:\/\/redaccion1.fcpolit.unr.edu.ar\/programa\/wp-json\/wp\/v2\/media?parent=381"}],"wp:term":[{"taxonomy":"category","embeddable":true,"href":"https:\/\/redaccion1.fcpolit.unr.edu.ar\/programa\/wp-json\/wp\/v2\/categories?post=381"},{"taxonomy":"post_tag","embeddable":true,"href":"https:\/\/redaccion1.fcpolit.unr.edu.ar\/programa\/wp-json\/wp\/v2\/tags?post=381"}],"curies":[{"name":"wp","href":"https:\/\/api.w.org\/{rel}","templated":true}]}}