{"id":373,"date":"2009-12-08T17:38:17","date_gmt":"2009-12-08T17:38:17","guid":{"rendered":"http:\/\/fcpolit.unr.edu.ar\/blogs\/programa\/2009\/12\/08\/el-lector-por-bernhard-schlink-fragmento\/"},"modified":"2009-12-08T17:38:17","modified_gmt":"2009-12-08T17:38:17","slug":"el-lector-por-bernhard-schlink-fragmento","status":"publish","type":"post","link":"https:\/\/redaccion1.fcpolit.unr.edu.ar\/programa\/2009\/12\/08\/el-lector-por-bernhard-schlink-fragmento\/","title":{"rendered":"El lector por Bernhard SCHLINK * (fragmento)"},"content":{"rendered":"<p><strong>Texto sugerido  por Ana Mar\u00eda MARGARIT<\/strong><br \/>\n<img loading=\"lazy\" decoding=\"async\" alt=\"Ellectorpelicula.jpg\" src=\"http:\/\/www.bdp.org.ar\/facultad\/catedras\/comsoc\/redaccion1\/unidades\/Ellectorpelicula.jpg\" width=\"340\" height=\"250\" align=\"center\" hspace=\"70\" \/><br \/>\nCon la Odisea empez\u00f3 todo. La le\u00ed despu\u00e9s de separarme de Gertrud. Pasaba muchas noches sin dormir m\u00e1s que unas pocas horas y dando vueltas en la cama. Cuando encend\u00eda la luz y le echaba mano a un libro se me cerraban los ojos, y cuando dejaba el libro y apagaba la luz, se me abr\u00edan otra vez de par en par. As\u00ed que decid\u00ed leer en voz alta. De ese modo no se me cerraban los ojos. Pero en mis confusas divagaciones de duermevela, llenas de recuerdos y sue\u00f1os y de atormentadores c\u00edrculos viciosos, que giraban en torno a mi matrimonio, mi hija y mi vida, se impon\u00eda una y otra vez la figura de Hanna. As\u00ed que decid\u00ed leer para Hanna. Y empec\u00e9 a grabarle cintas.<br \/>\nPasaron varios meses hasta que le mand\u00e9 las cintas. Al principio no quer\u00eda enviarle nada fragmentario, y esper\u00e9 hasta haber grabado toda la Odisea. Pero luego empec\u00e9 a dudar de que la Odisea pudiera interesarle tanto a Hanna, y grab\u00e9 lo que le\u00ed despu\u00e9s de la Odisea, varios cuentos de Schnitzler y Ch\u00e9jov. Luego estuve un tiempo aplazando el momento de llamar al juzgado en el que hab\u00edan condenado a Hanna para preguntar d\u00f3nde cumpl\u00eda la pena. Al final reun\u00ed todo lo necesario: la direcci\u00f3n de Hanna , que estaba en una c\u00e1rcel cercana a la ciudad en la que le hab\u00edan juzgado y condenado, un aparato a casete, y las cintas, numeradas, de Ch\u00e9jov a Homero, pasando por Schnitzler. Y por fin acab\u00e9 envi\u00e1ndole el paquete con el aparato y las cintas.<br \/>\nNo hace mucho encontr\u00e9 la libreta en que fui apuntando a lo largo de los a\u00f1os lo que grababa para Hanna. Se ve claramente que los primeros doce t\u00edtulos est\u00e1n apuntados de una sola vez; seguramente empec\u00e9 a leer sin orden ni concierto hasta que me di cuenta de que si no tomaba nota no me acordar\u00eda de lo que ya hab\u00eda le\u00eddo. Algunos de los t\u00edtulos siguientes llevan fecha, y otros no, pero aun sin fechas s\u00e9 que el primer env\u00edo a Hanna lo hice en el octavo a\u00f1o de su condena, y el \u00faltimo en el decimoctavo. Fue cuando le concedieron el indulto que hab\u00eda perdido tiempo atr\u00e1s.<br \/>\nSegu\u00ed leyendo para Hanna todo lo que me apetec\u00eda leer. En el caso de la Odisea, a principio se me hizo dif\u00edcil concentrarme tanto como lo hac\u00eda cuando le\u00eda s\u00f3lo para m\u00ed. Pero con el tiempo me fui acostumbrando. El otro inconveniente de la lectura en voz alta es que requiere m\u00e1s tiempo. Pero, a cambio de eso, lo que le\u00eda se me quedaba m\u00e1s grabado en la memoria. A\u00fan hoy me acuerdo muy claramente de bastantes cosas.<br \/>\nPero tambi\u00e9n grab\u00e9 cosas que ya conoc\u00eda y me gustaban. As\u00ed que Hanna recibi\u00f3 una buena dosis de Keller, Fontane, Heine y M\u00f6rike. Tard\u00e9 mucho en atreverme a leer poemas, pero luego acab\u00f3 encant\u00e1ndome y me aprend\u00ed de memoria una buena parte de los poemas que grab\u00e9. Hoy todav\u00eda puedo recitarlos.<br \/>\nEn conjunto, los t\u00edtulos anotados en la libreta encajan en el s\u00f3lido candor de los gustos de la burgues\u00eda culta. Tampoco recuerdo haberme planteado nunca ir m\u00e1s all\u00e1 de Kafka, Max Frisch, Uwe Johnson, Ingeborg Bachmann y Siegfried Lenz; nunca grab\u00e9 literatura experimental, esa literatura en la que no soy capaz de identifiar una historia y no me gusta ninguno de los personajes. Para m\u00ed estaba claro que con lo que experimenta la literatura experimental es con el lector, y eso era algo de lo que Hanna y yo pod\u00edamos prescindir perfectamente.<br \/>\nCuando empec\u00e9 a escribir yo, le le\u00eda tambi\u00e9n cosas m\u00edas. Esperaba hasta haber dictado el manuscrito y revisado la versi\u00f3n escrita a m\u00e1quina, hasta que ten\u00eda la sensaci\u00f3n de que aquello ya estaba acabado. Al leer en voz alta sab\u00eda si consegu\u00eda el efecto deseado. Si no lo consegu\u00eda, pod\u00eda revisarlo todo y volver a grabar encima de lo que ya estaba grabado. Pero no me gustaba hacerlo. Quer\u00eda cerrar el c\u00edrculo con la grabaci\u00f3n. Hanna se convert\u00eda en la entidad para la que pon\u00eda en juego todas mis fuerzas, toda mi creatividad, toda mi fantas\u00eda cr\u00edtica. Luego pod\u00eda enviar el manuscrito a la editorial.<br \/>\nNo hac\u00eda ning\u00fan comentario personal en las cintas; ni le preguntaba a Hanna c\u00f3mo le iban las cosas, ni le contaba c\u00f3mo me iban a m\u00ed. Le\u00eda el t\u00edtulo, el nombre del autor y el texto. Cuando se acababa el texto, esperaba un momento, cerraba el libro y pulsaba la tecla de parada.<\/p>\n<blockquote><p>*Fragmento de \u201cEl lector\u201d, de Bernhard Schkink&lt;, Anagrama, Barcelona, 2000. Traducci\u00f3n de Joan Parra Contreras. Edici\u00f3n original \u201cDer Vorleser\u201d, Zurich, 1995.<br \/>\nBernhard Schlink (Bielefeld, 1944) ejerce de juez y vive entre Bonn y Berl\u00edn. Adem\u00e1s de tres novelas polic\u00edacas, su primera novela fuera de g\u00e9nero, \u201cEl lector\u201d, ha obtenido importantes galardones.<\/p><\/blockquote>\n","protected":false},"excerpt":{"rendered":"<p>Texto sugerido por Ana Mar\u00eda MARGARIT Con la Odisea empez\u00f3 todo. La le\u00ed despu\u00e9s de separarme de Gertrud. Pasaba muchas noches sin dormir m\u00e1s que unas pocas horas y dando vueltas en la cama. Cuando encend\u00eda la luz y le echaba mano a un libro se me cerraban los ojos, y cuando dejaba el libro [&hellip;]<\/p>\n","protected":false},"author":6,"featured_media":0,"comment_status":"closed","ping_status":"closed","sticky":false,"template":"","format":"standard","meta":{"footnotes":""},"categories":[10],"tags":[],"_links":{"self":[{"href":"https:\/\/redaccion1.fcpolit.unr.edu.ar\/programa\/wp-json\/wp\/v2\/posts\/373"}],"collection":[{"href":"https:\/\/redaccion1.fcpolit.unr.edu.ar\/programa\/wp-json\/wp\/v2\/posts"}],"about":[{"href":"https:\/\/redaccion1.fcpolit.unr.edu.ar\/programa\/wp-json\/wp\/v2\/types\/post"}],"author":[{"embeddable":true,"href":"https:\/\/redaccion1.fcpolit.unr.edu.ar\/programa\/wp-json\/wp\/v2\/users\/6"}],"replies":[{"embeddable":true,"href":"https:\/\/redaccion1.fcpolit.unr.edu.ar\/programa\/wp-json\/wp\/v2\/comments?post=373"}],"version-history":[{"count":0,"href":"https:\/\/redaccion1.fcpolit.unr.edu.ar\/programa\/wp-json\/wp\/v2\/posts\/373\/revisions"}],"wp:attachment":[{"href":"https:\/\/redaccion1.fcpolit.unr.edu.ar\/programa\/wp-json\/wp\/v2\/media?parent=373"}],"wp:term":[{"taxonomy":"category","embeddable":true,"href":"https:\/\/redaccion1.fcpolit.unr.edu.ar\/programa\/wp-json\/wp\/v2\/categories?post=373"},{"taxonomy":"post_tag","embeddable":true,"href":"https:\/\/redaccion1.fcpolit.unr.edu.ar\/programa\/wp-json\/wp\/v2\/tags?post=373"}],"curies":[{"name":"wp","href":"https:\/\/api.w.org\/{rel}","templated":true}]}}