{"id":335,"date":"2008-07-20T18:16:31","date_gmt":"2008-07-20T18:16:31","guid":{"rendered":"http:\/\/fcpolit.unr.edu.ar\/blogs\/programa\/2008\/07\/20\/la-casa-por-la-ventana-joaquin-sabina\/"},"modified":"2008-07-20T18:16:31","modified_gmt":"2008-07-20T18:16:31","slug":"la-casa-por-la-ventana-joaquin-sabina","status":"publish","type":"post","link":"https:\/\/redaccion1.fcpolit.unr.edu.ar\/programa\/2008\/07\/20\/la-casa-por-la-ventana-joaquin-sabina\/","title":{"rendered":"La casa por la ventana &#8211; Joaqu\u00edn SABINA"},"content":{"rendered":"<p><img loading=\"lazy\" decoding=\"async\" alt=\"joaquin-sabina.bmp\" src=\"http:\/\/www.bdp.org.ar\/facultad\/catedras\/comsoc\/redaccion1\/unidades\/joaquin-sabina.bmp\" width=\"300\" height=\"300\" align=\"right\" hspace=\"20\" \/><br \/>\n<strong>UNIDAD 2<br \/>\nTEXTO COMPLEMENTARIO<\/strong><br \/>\nQuemaron todas las naves<br \/>\npara iniciar una nueva vida<br \/>\npagaron cara la llave<br \/>\nfalsa de la tierra prometida.<br \/>\nPero, en lugar del Caribe,<br \/>\ncon su bachata, con sus palmeras,<br \/>\nla madre patria recibe<br \/>\nal inmigrante por peteneras.<br \/>\nY no es bona Barcelona<br \/>\ncuando la bolsa, primo, no sona<br \/>\ny gana el cholo en Madrid<br \/>\nmenos que un perro sin pedigr\u00ed,<br \/>\ny el mestizo por Sevilla<br \/>\nva dando un cante por pesadillas,<br \/>\ny, si dos vascos atracan<br \/>\nA un farmac\u00e9utico en Vigo<br \/>\njura el testigo que eran sudacas.<br \/>\nY cada fin de semana<br \/>\ntiran la casa por la ventana<br \/>\nmarc\u00e1ndose un agarrado<br \/>\nen El caf\u00e9 del Mercado<br \/>\nque no es lo mismo que el Tropicana.<br \/>\nSe matan haciendo camas,<br \/>\nvendiendo besos, lustrando suelos,<br \/>\nsi pica el hambre en la rama<br \/>\nla tortolica levanta el vuelo.<br \/>\nY, en plazoletas y cines,<br \/>\npor un jerg\u00f3n y un plato de sopa,<br \/>\ncon una alfombra y un Kleenex<br \/>\nle sacan brillo al culo de Europa.<br \/>\nY el cuerpo de polic\u00eda<br \/>\nviene con leyes de extranjer\u00eda<br \/>\ny, al moro de la patera<br \/>\nle corta el rollo una patrullera,<br \/>\ny, al mulato sabros\u00f3n,<br \/>\nle dan en toda la inquisici\u00f3n,<br \/>\ny, al gitanito, la ola<br \/>\nmalaje y paya le quema<br \/>\nel tejadito de la chabola.<br \/>\nY cada fin de semana<br \/>\ntiran la casa por la ventana,<br \/>\nchilabas y desayuno<br \/>\nde kifi con t\u00e9 moruno<br \/>\ny escriben cartas a su sultana.<br \/>\nY cada fin de semana<br \/>\ncon sus caderas dominicanas,<br \/>\ncompadre, una guarachita,<br \/>\ncandombe, samba o rumbita&#8230;<br \/>\n\u00bfo es que usted nunca estuvo en La Habana?<br \/>\nY el coreano currela<br \/>\nvendiendo lollos de plimavela,<br \/>\ny en bares porno el paquete<br \/>\nde guineano cuesta un billete,<br \/>\ny, al almac\u00e9n del jud\u00edo<br \/>\nvan seis ni\u00f1atos buscando l\u00edo,<br \/>\ny el ingeniero polaco<br \/>\nque vino huyendo del fr\u00edo<br \/>\nya es mayordomo del t\u00edo del saco.<br \/>\nY cada fin de semana<br \/>\ntiran la casa por la ventana<br \/>\ny, mientras planchan un traje,<br \/>\nsu coraz\u00f3n de viaje<br \/>\nse va cantando La Varsoviana.<br \/>\nY cada fin de semana<br \/>\nqueda el negrito<br \/>\ncon la ucraniana<br \/>\ny bailan polka y pasito<br \/>\ny soplan vodka y mojito<br \/>\ny vuelven trompas por la ma\u00f1ana.<\/p>\n<blockquote><p><strong>Autores: Joaqu\u00edn Sabina, Pancho Varona y Antonio Garc\u00eda de Diego. Arreglos y arreglos de metal: Miguel N\u00fa\u00f1ez. Voz invitada: Pablo Milan\u00e9s.<br \/>\nVersi\u00f3n publicada en \u201cEsta boca es m\u00eda\u201d, Joaqu\u00edn Sabina, 1994 strong&gt;<\/p><\/blockquote>\n","protected":false},"excerpt":{"rendered":"<p>UNIDAD 2 TEXTO COMPLEMENTARIO Quemaron todas las naves para iniciar una nueva vida pagaron cara la llave falsa de la tierra prometida. Pero, en lugar del Caribe, con su bachata, con sus palmeras, la madre patria recibe al inmigrante por peteneras. Y no es bona Barcelona cuando la bolsa, primo, no sona y gana el [&hellip;]<\/p>\n","protected":false},"author":6,"featured_media":0,"comment_status":"closed","ping_status":"closed","sticky":false,"template":"","format":"standard","meta":{"footnotes":""},"categories":[10],"tags":[],"_links":{"self":[{"href":"https:\/\/redaccion1.fcpolit.unr.edu.ar\/programa\/wp-json\/wp\/v2\/posts\/335"}],"collection":[{"href":"https:\/\/redaccion1.fcpolit.unr.edu.ar\/programa\/wp-json\/wp\/v2\/posts"}],"about":[{"href":"https:\/\/redaccion1.fcpolit.unr.edu.ar\/programa\/wp-json\/wp\/v2\/types\/post"}],"author":[{"embeddable":true,"href":"https:\/\/redaccion1.fcpolit.unr.edu.ar\/programa\/wp-json\/wp\/v2\/users\/6"}],"replies":[{"embeddable":true,"href":"https:\/\/redaccion1.fcpolit.unr.edu.ar\/programa\/wp-json\/wp\/v2\/comments?post=335"}],"version-history":[{"count":0,"href":"https:\/\/redaccion1.fcpolit.unr.edu.ar\/programa\/wp-json\/wp\/v2\/posts\/335\/revisions"}],"wp:attachment":[{"href":"https:\/\/redaccion1.fcpolit.unr.edu.ar\/programa\/wp-json\/wp\/v2\/media?parent=335"}],"wp:term":[{"taxonomy":"category","embeddable":true,"href":"https:\/\/redaccion1.fcpolit.unr.edu.ar\/programa\/wp-json\/wp\/v2\/categories?post=335"},{"taxonomy":"post_tag","embeddable":true,"href":"https:\/\/redaccion1.fcpolit.unr.edu.ar\/programa\/wp-json\/wp\/v2\/tags?post=335"}],"curies":[{"name":"wp","href":"https:\/\/api.w.org\/{rel}","templated":true}]}}