{"id":328,"date":"2008-07-20T11:23:43","date_gmt":"2008-07-20T11:23:43","guid":{"rendered":"http:\/\/fcpolit.unr.edu.ar\/blogs\/programa\/2008\/07\/20\/todos-tenemos-algo-para-contar\/"},"modified":"2008-07-20T11:23:43","modified_gmt":"2008-07-20T11:23:43","slug":"todos-tenemos-algo-para-contar","status":"publish","type":"post","link":"https:\/\/redaccion1.fcpolit.unr.edu.ar\/programa\/2008\/07\/20\/todos-tenemos-algo-para-contar\/","title":{"rendered":"Todos tenemos algo para contar"},"content":{"rendered":"<p><strong>UNIDAD 6<br \/>\nTRABAJO PR\u00c1CTICO<br \/>\nLic. Georgina PALADINO<\/strong><br \/>\n<strong>Los cuentos<\/strong><br \/>\nDesde ni\u00f1os alentamos la inclusi\u00f3n de distintos elementos que hacen al ritual del sue\u00f1o: pantuflas a un lado de la cama, el cubre camas preferido, la almohada mullida, y encontrar el huequito estrat\u00e9gico de nuestro colch\u00f3n. Sin embargo, con el tiempo, omitimos uno de los componentes imprescindibles de la infancia: la lectura de un cuento.<br \/>\nMundo de duendes, brujas, pr\u00edncipes y princesas, eran los construidos por nuestra mente cuando un familiar se sentaba a lado nuestro para relatarnos alguna historia. No obstante no todos los narradores ten\u00edan la misma habilidad, siempre hab\u00eda un pariente que relataba mejor que otro, lo cual despertaba nuestro inter\u00e9s y atenci\u00f3n.<br \/>\nUn caso que ejemplifica esta cuesti\u00f3n lo encontramos en \u201cLas mil y una noches \u201c cuando en el cuento, el Visir desist\u00eda cada noche de matar a la princesa porque hab\u00eda quedado encantado con sus relatos.<br \/>\nPor lo tanto: \u201cNo se narra una historia adecuada sobre el desayuno, el mecanografiado de una carta o el abrir una puerta si con ello no va ligado algo especial. En otras palabras: un texto narrativo debe poseer como referentes como m\u00ednimo un suceso o una acci\u00f3n que cumplan con el criterio del inter\u00e9s\u201d. <a href=\"https:\/\/blogs.fcpolit.unr.edu.ar\/programa\/2008\/04\/12\/estructuras-narrativas-teun-van-dijk\/\" target=\"_blank\" rel=\"noopener\">\u201cEstructuras narrativas\u201d<\/a>, texto fuente unidad seis punto tres, Van Dijk.<br \/>\nEn conclusi\u00f3n, el origen de los relatos est\u00e1 ligado al origen de la humanidad misma, la cu\u00e1l dio origen a la construcci\u00f3n de diferente mitos, f\u00e1bulas, leyendas.<br \/>\n<strong>El trabajo\u00b7<\/strong><br \/>\nProfundicen la lectura sobre la cuesti\u00f3n del inter\u00e9s y superestructura que plantea Van Dijk y en los niveles de descripci\u00f3n de la obra narrativa planteados por Propp y retomada luego por Barthes.<br \/>\n\u00b7 Escriban un relato bas\u00e1ndose en una an\u00e9cdota personal que por alg\u00fan aspecto valoren como digna de ser contada.<br \/>\n\u00b7 Recononozcan y marquen en su trabajo de narrativa: episodio, marco, suceso, complicaci\u00f3n y resoluci\u00f3n y, si aparecen, otras categor\u00edas de la narraci\u00f3n.<br \/>\n\u00b7 Partiendo de la noci\u00f3n de inter\u00e9s planteada por Van Dijk, justifiquen por qu\u00e9 su narraci\u00f3n es digna de ser contada.<br \/>\n\u00b7 Seg\u00fan Barthes, \u00bfcu\u00e1ntos niveles de descripci\u00f3n encontramos en la obra narrativa? Nombrarlos y describirlos brevemente. Luego explicar qu\u00e9 tipo de relaci\u00f3n cohesiona estos niveles.<br \/>\n\u00b7 Teniendo en cuenta que hay una infinidad de relatos y una multiplicidad de puntos de vistas desde donde abordarlos, \u00bfqu\u00e9 tipo de patr\u00f3n le permiti\u00f3 a Propp llevar a cabo el an\u00e1lisis de los cuentos? Explicar y definir.<br \/>\n<strong>Modalidad de entrega\u00b7<\/strong><br \/>\n. Arial 12<br \/>\n\u00b7 Interlineado 1,5<br \/>\n\u00b7 Justificado<br \/>\n\u00b7 Extensi\u00f3n m\u00ednima: una carilla<\/p>\n","protected":false},"excerpt":{"rendered":"<p>UNIDAD 6 TRABAJO PR\u00c1CTICO Lic. Georgina PALADINO Los cuentos Desde ni\u00f1os alentamos la inclusi\u00f3n de distintos elementos que hacen al ritual del sue\u00f1o: pantuflas a un lado de la cama, el cubre camas preferido, la almohada mullida, y encontrar el huequito estrat\u00e9gico de nuestro colch\u00f3n. Sin embargo, con el tiempo, omitimos uno de los componentes [&hellip;]<\/p>\n","protected":false},"author":6,"featured_media":0,"comment_status":"closed","ping_status":"closed","sticky":false,"template":"","format":"standard","meta":{"footnotes":""},"categories":[47],"tags":[],"_links":{"self":[{"href":"https:\/\/redaccion1.fcpolit.unr.edu.ar\/programa\/wp-json\/wp\/v2\/posts\/328"}],"collection":[{"href":"https:\/\/redaccion1.fcpolit.unr.edu.ar\/programa\/wp-json\/wp\/v2\/posts"}],"about":[{"href":"https:\/\/redaccion1.fcpolit.unr.edu.ar\/programa\/wp-json\/wp\/v2\/types\/post"}],"author":[{"embeddable":true,"href":"https:\/\/redaccion1.fcpolit.unr.edu.ar\/programa\/wp-json\/wp\/v2\/users\/6"}],"replies":[{"embeddable":true,"href":"https:\/\/redaccion1.fcpolit.unr.edu.ar\/programa\/wp-json\/wp\/v2\/comments?post=328"}],"version-history":[{"count":0,"href":"https:\/\/redaccion1.fcpolit.unr.edu.ar\/programa\/wp-json\/wp\/v2\/posts\/328\/revisions"}],"wp:attachment":[{"href":"https:\/\/redaccion1.fcpolit.unr.edu.ar\/programa\/wp-json\/wp\/v2\/media?parent=328"}],"wp:term":[{"taxonomy":"category","embeddable":true,"href":"https:\/\/redaccion1.fcpolit.unr.edu.ar\/programa\/wp-json\/wp\/v2\/categories?post=328"},{"taxonomy":"post_tag","embeddable":true,"href":"https:\/\/redaccion1.fcpolit.unr.edu.ar\/programa\/wp-json\/wp\/v2\/tags?post=328"}],"curies":[{"name":"wp","href":"https:\/\/api.w.org\/{rel}","templated":true}]}}