{"id":327,"date":"2008-07-19T21:19:47","date_gmt":"2008-07-19T21:19:47","guid":{"rendered":"http:\/\/fcpolit.unr.edu.ar\/blogs\/programa\/2008\/07\/19\/guia-de-estudio-unidad-4\/"},"modified":"2008-07-19T21:19:47","modified_gmt":"2008-07-19T21:19:47","slug":"guia-de-estudio-unidad-4","status":"publish","type":"post","link":"https:\/\/redaccion1.fcpolit.unr.edu.ar\/programa\/2008\/07\/19\/guia-de-estudio-unidad-4\/","title":{"rendered":"Gu\u00eda de estudio Unidad 4"},"content":{"rendered":"<p><strong>UNIDAD 4<br \/>\nACTIVIDAD<br \/>\nProf. Mar\u00eda Elena S\u00c1NCHEZ<\/strong><br \/>\nA continuaci\u00f3n, les acerco unas preguntas que pueden servir como gu\u00eda para la lectura de los textos bases 1 y 2 de la Unidad 4.<br \/>\n<strong>Texto base 1<\/strong><br \/>\n1.\t\u00bfQu\u00e9 factores permiten diferenciar un texto de un no texto?<br \/>\n2.\tLa coherencia  se relaciona con el sentido del texto. \u00bfQu\u00e9 significa esta aseveraci\u00f3n?<br \/>\n3.\t\u00bfQu\u00e9 garantiza la cohesi\u00f3n?<br \/>\n4.\tRelacionar los conceptos de coherencia y cohesi\u00f3n con los de dimensiones y niveles.<br \/>\n<strong>Texto base 2<\/strong><br \/>\n1.\t\u00bfC\u00f3mo considera van Dijk a la coherencia? Definir el concepto de coherencia.<br \/>\n2.\tExplicar en qu\u00e9 niveles opera la coherencia.<br \/>\n3.\tEspecificar cu\u00e1les son los elementos que posibilitan la coherencia.<br \/>\n4.\t\u00bfQu\u00e9 importancia tienen los actos de habla en la coherencia de un texto? \u00bfDe qu\u00e9 manera se relacionan los t\u00e9rminos \u201cactos de habla\u201d y \u201ccontexto\u201d?<br \/>\n5.\tExplicar qu\u00e9 son las  macroestructuras.<br \/>\n6.\t\u00bfQu\u00e9 son las macrorreglas? \u00bfCu\u00e1les son las macrorreglas de comprensi\u00f3n? \u00bfC\u00f3mo funcionan?<br \/>\n7.\t\u00bfCu\u00e1les son las macrorreglas de producci\u00f3n? \u00bfC\u00f3mo funcionan?<br \/>\n8.\t\u00bfQu\u00e9 vinculaci\u00f3n existe entre la macrorregla de construcci\u00f3n y los conceptos de \u201cmarco\u201d y \u201cconocimiento de mundo\u201d.<br \/>\n9.\tExplicar qu\u00e9 son las superestructuras.<br \/>\n10.\t\u00bfQu\u00e9 relaci\u00f3n se produce entre superestructura y macroestructura en los textos?<br \/>\n11.\tSobre cada uno de los tipos de superestructuras podr\u00edan plantearse diferentes preguntas. \u00bfTe anim\u00e1s a formularlas?<\/p>\n","protected":false},"excerpt":{"rendered":"<p>UNIDAD 4 ACTIVIDAD Prof. Mar\u00eda Elena S\u00c1NCHEZ A continuaci\u00f3n, les acerco unas preguntas que pueden servir como gu\u00eda para la lectura de los textos bases 1 y 2 de la Unidad 4. Texto base 1 1. \u00bfQu\u00e9 factores permiten diferenciar un texto de un no texto? 2. La coherencia se relaciona con el sentido del [&hellip;]<\/p>\n","protected":false},"author":6,"featured_media":0,"comment_status":"closed","ping_status":"closed","sticky":false,"template":"","format":"standard","meta":{"footnotes":""},"categories":[42],"tags":[],"_links":{"self":[{"href":"https:\/\/redaccion1.fcpolit.unr.edu.ar\/programa\/wp-json\/wp\/v2\/posts\/327"}],"collection":[{"href":"https:\/\/redaccion1.fcpolit.unr.edu.ar\/programa\/wp-json\/wp\/v2\/posts"}],"about":[{"href":"https:\/\/redaccion1.fcpolit.unr.edu.ar\/programa\/wp-json\/wp\/v2\/types\/post"}],"author":[{"embeddable":true,"href":"https:\/\/redaccion1.fcpolit.unr.edu.ar\/programa\/wp-json\/wp\/v2\/users\/6"}],"replies":[{"embeddable":true,"href":"https:\/\/redaccion1.fcpolit.unr.edu.ar\/programa\/wp-json\/wp\/v2\/comments?post=327"}],"version-history":[{"count":0,"href":"https:\/\/redaccion1.fcpolit.unr.edu.ar\/programa\/wp-json\/wp\/v2\/posts\/327\/revisions"}],"wp:attachment":[{"href":"https:\/\/redaccion1.fcpolit.unr.edu.ar\/programa\/wp-json\/wp\/v2\/media?parent=327"}],"wp:term":[{"taxonomy":"category","embeddable":true,"href":"https:\/\/redaccion1.fcpolit.unr.edu.ar\/programa\/wp-json\/wp\/v2\/categories?post=327"},{"taxonomy":"post_tag","embeddable":true,"href":"https:\/\/redaccion1.fcpolit.unr.edu.ar\/programa\/wp-json\/wp\/v2\/tags?post=327"}],"curies":[{"name":"wp","href":"https:\/\/api.w.org\/{rel}","templated":true}]}}