{"id":326,"date":"2008-07-19T21:17:17","date_gmt":"2008-07-19T21:17:17","guid":{"rendered":"http:\/\/fcpolit.unr.edu.ar\/blogs\/programa\/2008\/07\/19\/guia-de-estudio-de-la-unidad-6\/"},"modified":"2008-07-19T21:17:17","modified_gmt":"2008-07-19T21:17:17","slug":"guia-de-estudio-de-la-unidad-6","status":"publish","type":"post","link":"https:\/\/redaccion1.fcpolit.unr.edu.ar\/programa\/2008\/07\/19\/guia-de-estudio-de-la-unidad-6\/","title":{"rendered":"Gu\u00eda de estudio de la Unidad 6"},"content":{"rendered":"<p><strong>UNIDAD 6<br \/>\nACTIVIDAD<br \/>\nLic. Ana Mar\u00eda MARGARIT<\/strong><br \/>\n1)\tNarratividad y argumentaci\u00f3n son formas diferentes de conocer y percibir el mundo. Expliquen qu\u00e9 quiere decir esta afirmaci\u00f3n.<br \/>\n2)\t Jerome Brunner, en su obra Realidad mental y mundos posibles dice:<br \/>\n\u201cHay dos modalidades de funcionamiento cognitivo, dos modalidades de pensamiento, y cada una de ellas brinda modos caracter\u00edsticos de ordenar la experiencia, de construir la realidad.\u201d<br \/>\nExplicar cu\u00e1les son esas dos modalidades y establecer las diferencias y semejanzas entre ambas.<br \/>\n3)\tBruner establece la diferencia entre el panorama de la acci\u00f3n y el panorama de la conciencia.  Explicar estos conceptos y ejemplificar.<br \/>\n4)\tPuntualicen cuatro ideas resumidas acerca de la narratividad seg\u00fan lo sostiene Iv\u00e1n Almeida.<br \/>\n5)\t\u00bfQu\u00e9 lugar asigna Arist\u00f3teles al relato narrativo?<br \/>\n6)\t\u00bfC\u00f3mo diferencia Arist\u00f3teles al poeta del historiador?<br \/>\n7)\t\u00bfC\u00f3mo define Propp las funciones de los personajes?<br \/>\n8)\t\u00bfC\u00f3mo define Propp las esferas de la acci\u00f3n?<br \/>\n9)\t\u00bfCu\u00e1les ser\u00edan, seg\u00fan Propp, las diferencias y los puntos de contacto entre la realidad y los cuentos?<br \/>\n10)\t\u00bfEn qu\u00e9 lugar coloca Barthes al narrador del cuento?<br \/>\n11)\t\u00bfCu\u00e1l ser\u00eda la funci\u00f3n del relato, seg\u00fan  Barthes?<br \/>\n12)\t Escriban una conclusi\u00f3n o apreciaci\u00f3n sobre las semejanzas y diferencias entre las teor\u00edas de Barthes y de Propp.<br \/>\n13)\t Observen y analicen el esquema de estructura narrativa de van Dijk. \u00bfQu\u00e9 categor\u00edas de esa estructura son absolutamente necesarias para que exista la narraci\u00f3n?<br \/>\n14)\t Tracen un paralelo entre narrativa artificial y narrativa natural.<\/p>\n","protected":false},"excerpt":{"rendered":"<p>UNIDAD 6 ACTIVIDAD Lic. Ana Mar\u00eda MARGARIT 1) Narratividad y argumentaci\u00f3n son formas diferentes de conocer y percibir el mundo. Expliquen qu\u00e9 quiere decir esta afirmaci\u00f3n. 2) Jerome Brunner, en su obra Realidad mental y mundos posibles dice: \u201cHay dos modalidades de funcionamiento cognitivo, dos modalidades de pensamiento, y cada una de ellas brinda modos [&hellip;]<\/p>\n","protected":false},"author":6,"featured_media":0,"comment_status":"closed","ping_status":"closed","sticky":false,"template":"","format":"standard","meta":{"footnotes":""},"categories":[46],"tags":[],"_links":{"self":[{"href":"https:\/\/redaccion1.fcpolit.unr.edu.ar\/programa\/wp-json\/wp\/v2\/posts\/326"}],"collection":[{"href":"https:\/\/redaccion1.fcpolit.unr.edu.ar\/programa\/wp-json\/wp\/v2\/posts"}],"about":[{"href":"https:\/\/redaccion1.fcpolit.unr.edu.ar\/programa\/wp-json\/wp\/v2\/types\/post"}],"author":[{"embeddable":true,"href":"https:\/\/redaccion1.fcpolit.unr.edu.ar\/programa\/wp-json\/wp\/v2\/users\/6"}],"replies":[{"embeddable":true,"href":"https:\/\/redaccion1.fcpolit.unr.edu.ar\/programa\/wp-json\/wp\/v2\/comments?post=326"}],"version-history":[{"count":0,"href":"https:\/\/redaccion1.fcpolit.unr.edu.ar\/programa\/wp-json\/wp\/v2\/posts\/326\/revisions"}],"wp:attachment":[{"href":"https:\/\/redaccion1.fcpolit.unr.edu.ar\/programa\/wp-json\/wp\/v2\/media?parent=326"}],"wp:term":[{"taxonomy":"category","embeddable":true,"href":"https:\/\/redaccion1.fcpolit.unr.edu.ar\/programa\/wp-json\/wp\/v2\/categories?post=326"},{"taxonomy":"post_tag","embeddable":true,"href":"https:\/\/redaccion1.fcpolit.unr.edu.ar\/programa\/wp-json\/wp\/v2\/tags?post=326"}],"curies":[{"name":"wp","href":"https:\/\/api.w.org\/{rel}","templated":true}]}}