{"id":321,"date":"2008-07-19T20:30:22","date_gmt":"2008-07-19T20:30:22","guid":{"rendered":"http:\/\/fcpolit.unr.edu.ar\/blogs\/programa\/2008\/07\/19\/ficciones-historicas\/"},"modified":"2008-07-19T20:30:22","modified_gmt":"2008-07-19T20:30:22","slug":"ficciones-historicas","status":"publish","type":"post","link":"https:\/\/redaccion1.fcpolit.unr.edu.ar\/programa\/2008\/07\/19\/ficciones-historicas\/","title":{"rendered":"Ficciones hist\u00f3ricas"},"content":{"rendered":"<p><strong>UNIDAD 6<br \/>\nTRABAJO PR\u00c1CTICO<\/strong><br \/>\n<strong>Prof. Mar\u00eda Elena S\u00c1NCHEZ<\/strong><\/p>\n<p>A continuaci\u00f3n, hay dos consignas. <strong>Elijan s\u00f3lo una para realizar este trabajo pr\u00e1ctico<\/strong>.<br \/>\nTengan en cuenta que la lista de sugerencias, en ambas, son s\u00f3lo eso: sugerencias. Si se les ocurren mejores ideas, m\u00e1s cercanas a los intereses o saberes de Uds., pueden cambiarlas.<br \/>\n<strong><\/strong><\/p>\n<p><strong>Consigna 1:<\/strong><br \/>\n&#8211; Redactar un cuento breve a partir de uno de los siguientes personajes.<br \/>\nDoy personaje, lugar y tiempo.<br \/>\nSi a Uds. se les ocurren otras ideas del mismo estilo, son bienvenidas. Pueden trabajar sobre ellas.<br \/>\nSi tienen ganas, pueden resolver la historia con humor.<br \/>\n<strong>Sugerencias<\/strong>:<br \/>\n&#8211; Un soldado en la \u00e9poca de Helena de Troya.<br \/>\n&#8211; El se\u00f1or que le vendi\u00f3 la tela a las se\u00f1oras encargadas por Belgrano de hacer la bandera.<br \/>\n&#8211; El cocinero de Napole\u00f3n en Rusia.<br \/>\n&#8211; Una de las amantes de Enrique IV de Francia.<br \/>\n<strong><\/strong><\/p>\n<p><strong>Consigna 2:<\/strong><br \/>\n&#8211; Redactar un cuento breve a partir de uno de los siguientes marcos.<br \/>\nDoy espacio y tiempo.<br \/>\nSi a Uds. se les ocurren otras ideas del mismo estilo, son bienvenidas. Pueden trabajar sobre ellas.<br \/>\n<strong>Sugerencias<\/strong>:<br \/>\n&#8211; A\u00f1o 2074. Rosario.<br \/>\n&#8211; A\u00f1o 2003. Marte.<br \/>\n&#8211; A\u00f1o 1499. M\u00e9xico<br \/>\n&#8211; A\u00f1o 1830. Francia.<\/p>\n<blockquote><p><strong>El comienzo de la elaboraci\u00f3n de este trabajo fue una idea armada colectivamente con mis dos ayudantes alumnos del a\u00f1o 2003, Ricardo Barone y Alexis Milam . El dise\u00f1o y redacci\u00f3n final me pertenece, aclaro esto porque puede ser que prefieran elegir otras opciones m\u00e1s cercanas a los saberes e intereses de Uds. Tal como se explicita en la consigna, pueden hacerlo sin problemas.<\/strong><\/p><\/blockquote>\n","protected":false},"excerpt":{"rendered":"<p>UNIDAD 6 TRABAJO PR\u00c1CTICO Prof. Mar\u00eda Elena S\u00c1NCHEZ A continuaci\u00f3n, hay dos consignas. Elijan s\u00f3lo una para realizar este trabajo pr\u00e1ctico. Tengan en cuenta que la lista de sugerencias, en ambas, son s\u00f3lo eso: sugerencias. Si se les ocurren mejores ideas, m\u00e1s cercanas a los intereses o saberes de Uds., pueden cambiarlas. Consigna 1: &#8211; [&hellip;]<\/p>\n","protected":false},"author":6,"featured_media":0,"comment_status":"closed","ping_status":"closed","sticky":false,"template":"","format":"standard","meta":{"footnotes":""},"categories":[47],"tags":[],"_links":{"self":[{"href":"https:\/\/redaccion1.fcpolit.unr.edu.ar\/programa\/wp-json\/wp\/v2\/posts\/321"}],"collection":[{"href":"https:\/\/redaccion1.fcpolit.unr.edu.ar\/programa\/wp-json\/wp\/v2\/posts"}],"about":[{"href":"https:\/\/redaccion1.fcpolit.unr.edu.ar\/programa\/wp-json\/wp\/v2\/types\/post"}],"author":[{"embeddable":true,"href":"https:\/\/redaccion1.fcpolit.unr.edu.ar\/programa\/wp-json\/wp\/v2\/users\/6"}],"replies":[{"embeddable":true,"href":"https:\/\/redaccion1.fcpolit.unr.edu.ar\/programa\/wp-json\/wp\/v2\/comments?post=321"}],"version-history":[{"count":0,"href":"https:\/\/redaccion1.fcpolit.unr.edu.ar\/programa\/wp-json\/wp\/v2\/posts\/321\/revisions"}],"wp:attachment":[{"href":"https:\/\/redaccion1.fcpolit.unr.edu.ar\/programa\/wp-json\/wp\/v2\/media?parent=321"}],"wp:term":[{"taxonomy":"category","embeddable":true,"href":"https:\/\/redaccion1.fcpolit.unr.edu.ar\/programa\/wp-json\/wp\/v2\/categories?post=321"},{"taxonomy":"post_tag","embeddable":true,"href":"https:\/\/redaccion1.fcpolit.unr.edu.ar\/programa\/wp-json\/wp\/v2\/tags?post=321"}],"curies":[{"name":"wp","href":"https:\/\/api.w.org\/{rel}","templated":true}]}}