{"id":320,"date":"2008-07-19T19:55:50","date_gmt":"2008-07-19T19:55:50","guid":{"rendered":"http:\/\/fcpolit.unr.edu.ar\/blogs\/programa\/2008\/07\/19\/un-cuento-de-verdad\/"},"modified":"2008-07-19T19:55:50","modified_gmt":"2008-07-19T19:55:50","slug":"un-cuento-de-verdad","status":"publish","type":"post","link":"https:\/\/redaccion1.fcpolit.unr.edu.ar\/programa\/2008\/07\/19\/un-cuento-de-verdad\/","title":{"rendered":"Un cuento de verdad"},"content":{"rendered":"<p><strong>UNIDAD 6<br \/>\nTRABAJO PR\u00c1CTICO<br \/>\nFranco MOTTA<\/strong><br \/>\nTeniendo en cuenta los conceptos del g\u00e9nero de \u201cno ficci\u00f3n\u201d desarrollados en clase y tomando como ejemplo las notas de Walsh tituladas \u201c<a href=\"https:\/\/blogs.fcpolit.unr.edu.ar\/programa\/2008\/07\/19\/guevara-rodolfo-walsh\/\" target=\"_blank\" rel=\"noopener\">Guevara<\/a>\u201d y \u201c<a href=\"https:\/\/blogs.fcpolit.unr.edu.ar\/programa\/2008\/07\/19\/el-fin-de-los-dirigibles-rodolfo-walsh\/\" target=\"_blank\" rel=\"noopener\">El fin de los dirigibles<\/a>\u201d, realicen el siguiente trabajo:<br \/>\n1) Retomen el acontecimiento que utilizaron para realizar el trabajo pr\u00e1ctico de la unidad 6 llamado \u201cNoticia propia\u201d o, si lo creen conveniente, pueden utilizar otro suceso.<br \/>\n2) Trabajen el acontecimiento a fin de presentarlo en un texto bajo el car\u00e1cter de nota no ficcional.<br \/>\nEl trabajo se debe presentar con t\u00edtulo, poseer al menos cuatro p\u00e1rrafos y superar las 22 l\u00edneas de escritura.<\/p>\n<blockquote><p><strong>Para llevar a cabo el trabajo, recuerden las caracter\u00edsticas principales del g\u00e9nero no ficcional:<br \/>\n\u00b7 bi-referencialidad al estar compuesto por elementos f\u00e1cticos y ficcionales, elementos entre los que se mantiene un equilibrio a largo de toda la nota.<br \/>\n\u00b7 trabaja sobre acontecimientos f\u00e1cticos empleando t\u00e9cnicas propias de la literatura.<br \/>\n\u00b7 retoma los viejos pilares del periodismo como la investigaci\u00f3n, la denuncia, el compromiso \u00e9tico y la diversidad de voces y contenidos.<br \/>\n\u00b7 el uso de material documental que debe ser respetado y no puede ser modificado por las exigencias del relato.<br \/>\n\u00b7 se aleja de la pretensi\u00f3n de objetividad y neutralidad exigida por el periodismo tradicional (ya no se trata solo de transmitir informaci\u00f3n).<br \/>\n\u00b7 mantiene un fiel pacto de conciencia y de verdad para con el lector.<br \/>\n\u00b7 la subjetivizaci\u00f3n y politizaci\u00f3n que realiza el autor sobre el relato (tanto en el montaje y en la posici\u00f3n del autor como en la narraci\u00f3n de los hechos).<\/strong><\/p><\/blockquote>\n","protected":false},"excerpt":{"rendered":"<p>UNIDAD 6 TRABAJO PR\u00c1CTICO Franco MOTTA Teniendo en cuenta los conceptos del g\u00e9nero de \u201cno ficci\u00f3n\u201d desarrollados en clase y tomando como ejemplo las notas de Walsh tituladas \u201cGuevara\u201d y \u201cEl fin de los dirigibles\u201d, realicen el siguiente trabajo: 1) Retomen el acontecimiento que utilizaron para realizar el trabajo pr\u00e1ctico de la unidad 6 llamado [&hellip;]<\/p>\n","protected":false},"author":6,"featured_media":0,"comment_status":"closed","ping_status":"closed","sticky":false,"template":"","format":"standard","meta":{"footnotes":""},"categories":[47],"tags":[],"_links":{"self":[{"href":"https:\/\/redaccion1.fcpolit.unr.edu.ar\/programa\/wp-json\/wp\/v2\/posts\/320"}],"collection":[{"href":"https:\/\/redaccion1.fcpolit.unr.edu.ar\/programa\/wp-json\/wp\/v2\/posts"}],"about":[{"href":"https:\/\/redaccion1.fcpolit.unr.edu.ar\/programa\/wp-json\/wp\/v2\/types\/post"}],"author":[{"embeddable":true,"href":"https:\/\/redaccion1.fcpolit.unr.edu.ar\/programa\/wp-json\/wp\/v2\/users\/6"}],"replies":[{"embeddable":true,"href":"https:\/\/redaccion1.fcpolit.unr.edu.ar\/programa\/wp-json\/wp\/v2\/comments?post=320"}],"version-history":[{"count":0,"href":"https:\/\/redaccion1.fcpolit.unr.edu.ar\/programa\/wp-json\/wp\/v2\/posts\/320\/revisions"}],"wp:attachment":[{"href":"https:\/\/redaccion1.fcpolit.unr.edu.ar\/programa\/wp-json\/wp\/v2\/media?parent=320"}],"wp:term":[{"taxonomy":"category","embeddable":true,"href":"https:\/\/redaccion1.fcpolit.unr.edu.ar\/programa\/wp-json\/wp\/v2\/categories?post=320"},{"taxonomy":"post_tag","embeddable":true,"href":"https:\/\/redaccion1.fcpolit.unr.edu.ar\/programa\/wp-json\/wp\/v2\/tags?post=320"}],"curies":[{"name":"wp","href":"https:\/\/api.w.org\/{rel}","templated":true}]}}