{"id":304,"date":"2011-10-18T16:37:22","date_gmt":"2011-10-18T16:37:22","guid":{"rendered":"http:\/\/fcpolit.unr.edu.ar\/blogs\/programa\/2008\/07\/18\/sobre-periodismo-y-ficcion\/"},"modified":"2011-10-18T16:37:22","modified_gmt":"2011-10-18T16:37:22","slug":"sobre-periodismo-y-ficcion","status":"publish","type":"post","link":"https:\/\/redaccion1.fcpolit.unr.edu.ar\/programa\/2011\/10\/18\/sobre-periodismo-y-ficcion\/","title":{"rendered":"Sobre periodismo y ficci\u00f3n"},"content":{"rendered":"<p><strong>UNIDAD 6<br \/>\nTRABAJO PR\u00c1CTICO<br \/>\nLic. Mauricio MAYOL<\/strong><br \/>\n1) Leer dos art\u00edculos: uno de Tom\u00e1s Eloy Mart\u00ednez, <a href=\"https:\/\/blogs.fcpolit.unr.edu.ar\/programa\/2008\/07\/18\/el-periodismo-vuelve-a-contar-historias-tomas-eloy-martinez\/\" target=\"_blank\" rel=\"noopener\">El periodismo vuelve a contar historias<\/a> y otro de Daniel Briguet, <a href=\"https:\/\/blogs.fcpolit.unr.edu.ar\/programa\/2008\/07\/18\/dias-de-feria-daniel-briguet\/\" target=\"_blank\" rel=\"noopener\">D\u00edas de Feria<\/a>.<br \/>\n2) Responder las siguientes preguntas:<br \/>\n\u00bfQu\u00e9 relaciones y vinculaciones encontraste entre el art\u00edculo de Eloy Mart\u00ednez y el texto de Daniel Briguet?<br \/>\n\u00bfQu\u00e9 diferencias mas notorias crees que hay entre una cr\u00f3nica period\u00edstica habitual sobre este mismo tema y la nota de Briguet?<br \/>\n\u00bfD\u00f3nde cre\u00e9s que est\u00e1 presente la categor\u00eda de \u201cficci\u00f3n period\u00edstica\u201d como se denomina el libro del que este art\u00edculo forma parte?<br \/>\n\u00bfEn qu\u00e9 aspectos del relato, \u201cD\u00edas de Feria\u201d deja ver la opini\u00f3n del autor?<br \/>\n3) Tomando como base estos dos art\u00edculos, escrib\u00ed una reflexi\u00f3n sobre el periodismo de creaci\u00f3n y su importancia dentro del periodismo en general.<\/p>\n","protected":false},"excerpt":{"rendered":"<p>UNIDAD 6 TRABAJO PR\u00c1CTICO Lic. Mauricio MAYOL 1) Leer dos art\u00edculos: uno de Tom\u00e1s Eloy Mart\u00ednez, El periodismo vuelve a contar historias y otro de Daniel Briguet, D\u00edas de Feria. 2) Responder las siguientes preguntas: \u00bfQu\u00e9 relaciones y vinculaciones encontraste entre el art\u00edculo de Eloy Mart\u00ednez y el texto de Daniel Briguet? \u00bfQu\u00e9 diferencias mas [&hellip;]<\/p>\n","protected":false},"author":6,"featured_media":0,"comment_status":"closed","ping_status":"closed","sticky":false,"template":"","format":"standard","meta":{"footnotes":""},"categories":[47],"tags":[],"_links":{"self":[{"href":"https:\/\/redaccion1.fcpolit.unr.edu.ar\/programa\/wp-json\/wp\/v2\/posts\/304"}],"collection":[{"href":"https:\/\/redaccion1.fcpolit.unr.edu.ar\/programa\/wp-json\/wp\/v2\/posts"}],"about":[{"href":"https:\/\/redaccion1.fcpolit.unr.edu.ar\/programa\/wp-json\/wp\/v2\/types\/post"}],"author":[{"embeddable":true,"href":"https:\/\/redaccion1.fcpolit.unr.edu.ar\/programa\/wp-json\/wp\/v2\/users\/6"}],"replies":[{"embeddable":true,"href":"https:\/\/redaccion1.fcpolit.unr.edu.ar\/programa\/wp-json\/wp\/v2\/comments?post=304"}],"version-history":[{"count":0,"href":"https:\/\/redaccion1.fcpolit.unr.edu.ar\/programa\/wp-json\/wp\/v2\/posts\/304\/revisions"}],"wp:attachment":[{"href":"https:\/\/redaccion1.fcpolit.unr.edu.ar\/programa\/wp-json\/wp\/v2\/media?parent=304"}],"wp:term":[{"taxonomy":"category","embeddable":true,"href":"https:\/\/redaccion1.fcpolit.unr.edu.ar\/programa\/wp-json\/wp\/v2\/categories?post=304"},{"taxonomy":"post_tag","embeddable":true,"href":"https:\/\/redaccion1.fcpolit.unr.edu.ar\/programa\/wp-json\/wp\/v2\/tags?post=304"}],"curies":[{"name":"wp","href":"https:\/\/api.w.org\/{rel}","templated":true}]}}