{"id":297,"date":"2008-07-18T15:33:04","date_gmt":"2008-07-18T15:33:04","guid":{"rendered":"http:\/\/fcpolit.unr.edu.ar\/blogs\/programa\/2008\/07\/18\/historia-de-mate-cosido-adrian-abonizio\/"},"modified":"2008-07-18T15:33:04","modified_gmt":"2008-07-18T15:33:04","slug":"historia-de-mate-cosido-adrian-abonizio","status":"publish","type":"post","link":"https:\/\/redaccion1.fcpolit.unr.edu.ar\/programa\/2008\/07\/18\/historia-de-mate-cosido-adrian-abonizio\/","title":{"rendered":"Historia de Mate Cosido &#8211; Adri\u00e1n ABONIZIO"},"content":{"rendered":"<p><img loading=\"lazy\" decoding=\"async\" alt=\"abonizio.jpg\" src=\"http:\/\/www.bdp.org.ar\/facultad\/catedras\/comsoc\/redaccion1\/unidades\/abonizio.jpg\" width=\"300\" height=\"300\" align=\"right\" hspace=\"25\" \/><br \/>\n<strong>UNIDAD 2<br \/>\nTEXTO COMPLEMENTARIO<\/strong><br \/>\nSentado entre maderas<br \/>\ny flores caen<br \/>\nla llama del tabaco<br \/>\ny la cruz de los barcos.<br \/>\nAlla lejos cuando salen<br \/>\nde la iglesia los compadres<br \/>\nse sientan a jugar,<br \/>\nal sol.<br \/>\nUna fiesta cuesta arriba<br \/>\nhubo anoche y en la esquina<br \/>\namanecio lloviendo.<br \/>\nSentado entre maderas,<br \/>\ny las flores caen,<br \/>\nla llama del tabaco,<br \/>\ny la cruz de los barcos.<br \/>\nSi las luces de este pueblo,<br \/>\nte preguntan como he muerto,<br \/>\ndeciles: que no sabes.<br \/>\nMi revolver, mi campera,<br \/>\nmi hacha, mi trampera,<br \/>\nmis viejos perros, mi prontuario.<br \/>\nTenes que estar prevenido,<br \/>\nun dia la lancha, va a llegar,<br \/>\nme quedare tan tranquilo,<br \/>\nme cambiare de camisa<br \/>\ny de pu\u00f1al,<br \/>\npara que un oficial escriba<br \/>\nen el parte de salida, un ahogo<br \/>\nse ganara un ascenso<br \/>\ncomo padre de familia,<br \/>\npara que un oficial escriba<br \/>\nen el parte de salida, un ahogo<br \/>\nlo contara en la guardia, que no tembl\u00f3.<br \/>\nPara que el rio se detenga<br \/>\na la hora senalada, llegar\u00e1<br \/>\ncomo una pu\u00f1alada<br \/>\ncomo una mano m\u00e1s.<\/p>\n<blockquote><p><strong>Adri\u00e1n Abonizio<br \/>\nPertenece a lo que se denomin\u00f3, con la incipiente primavera democr\u00e1tica del 83, &#8220;Trova Rosarina&#8221;, una generaci\u00f3n de autores y compositores que allanaron el camino y mostraron a los medios de todo el pa\u00eds y a\u00fan , fuera de el, que en Rosario hab\u00eda un sonido propio, poes\u00eda leg\u00edtima, y buenos interpretes y compositores.<\/strong><\/p><\/blockquote>\n","protected":false},"excerpt":{"rendered":"<p>UNIDAD 2 TEXTO COMPLEMENTARIO Sentado entre maderas y flores caen la llama del tabaco y la cruz de los barcos. Alla lejos cuando salen de la iglesia los compadres se sientan a jugar, al sol. Una fiesta cuesta arriba hubo anoche y en la esquina amanecio lloviendo. Sentado entre maderas, y las flores caen, la [&hellip;]<\/p>\n","protected":false},"author":6,"featured_media":0,"comment_status":"closed","ping_status":"closed","sticky":false,"template":"","format":"standard","meta":{"footnotes":""},"categories":[10],"tags":[],"_links":{"self":[{"href":"https:\/\/redaccion1.fcpolit.unr.edu.ar\/programa\/wp-json\/wp\/v2\/posts\/297"}],"collection":[{"href":"https:\/\/redaccion1.fcpolit.unr.edu.ar\/programa\/wp-json\/wp\/v2\/posts"}],"about":[{"href":"https:\/\/redaccion1.fcpolit.unr.edu.ar\/programa\/wp-json\/wp\/v2\/types\/post"}],"author":[{"embeddable":true,"href":"https:\/\/redaccion1.fcpolit.unr.edu.ar\/programa\/wp-json\/wp\/v2\/users\/6"}],"replies":[{"embeddable":true,"href":"https:\/\/redaccion1.fcpolit.unr.edu.ar\/programa\/wp-json\/wp\/v2\/comments?post=297"}],"version-history":[{"count":0,"href":"https:\/\/redaccion1.fcpolit.unr.edu.ar\/programa\/wp-json\/wp\/v2\/posts\/297\/revisions"}],"wp:attachment":[{"href":"https:\/\/redaccion1.fcpolit.unr.edu.ar\/programa\/wp-json\/wp\/v2\/media?parent=297"}],"wp:term":[{"taxonomy":"category","embeddable":true,"href":"https:\/\/redaccion1.fcpolit.unr.edu.ar\/programa\/wp-json\/wp\/v2\/categories?post=297"},{"taxonomy":"post_tag","embeddable":true,"href":"https:\/\/redaccion1.fcpolit.unr.edu.ar\/programa\/wp-json\/wp\/v2\/tags?post=297"}],"curies":[{"name":"wp","href":"https:\/\/api.w.org\/{rel}","templated":true}]}}