{"id":289,"date":"2008-07-18T09:50:04","date_gmt":"2008-07-18T09:50:04","guid":{"rendered":"http:\/\/fcpolit.unr.edu.ar\/blogs\/programa\/2008\/07\/18\/carta-a-vicki-rodolfo-walsh\/"},"modified":"2008-07-18T09:50:04","modified_gmt":"2008-07-18T09:50:04","slug":"carta-a-vicki-rodolfo-walsh","status":"publish","type":"post","link":"https:\/\/redaccion1.fcpolit.unr.edu.ar\/programa\/2008\/07\/18\/carta-a-vicki-rodolfo-walsh\/","title":{"rendered":"Carta a Vicki &#8211; Rodolfo WALSH"},"content":{"rendered":"<p><img loading=\"lazy\" decoding=\"async\" alt=\"Vicky.JPG\" src=\"http:\/\/www.bdp.org.ar\/facultad\/catedras\/comsoc\/redaccion1\/unidades\/Vicky.JPG\" width=\"200\" height=\"300\" align=\"right\" hspace=\"20\" \/><br \/>\n<strong>UNIDAD 7<br \/>\nTEXTO COMPLEMENTARIO<\/strong><br \/>\n1\/10<br \/>\nQuerida Vicki.<br \/>\nLa noticia de tu muerte me lleg\u00f3 hoy a las tres de la tarde. Est\u00e1bamos en reuni\u00f3n\u2026cuando empezaron a transmitir el comunicado. Escuch\u00e9 tu nombre, mal pronunciado, y tard\u00e9 un segundo en asimilarlo. Maquinalmente empec\u00e9 a santiguarme como cuando era chico. No termin\u00e9 ese gesto. El mundo estuvo parado ese segundo.<br \/>\nDespu\u00e9s les dije a Mariana y a Pablo: -Era mi hija. Suspend\u00ed la reuni\u00f3n.<br \/>\nEstoy aturdido. Muchas veces lo tem\u00eda. Pensaba que era excesiva suerte, no ser golpeado, cuando tantos otros son golpeados. Si, tuve miedo por vos, como vos tuviste miedo por mi, aunque no lo dec\u00edamos. Ahora el miedo es aflicci\u00f3n. Se muy bien por qu\u00e9 cosas has vivido, combatido. Estoy orgulloso de esas cosas.<br \/>\nMe quisiste, te quise. El d\u00eda que te mataron cumpliste 26 a\u00f1os. Los \u00faltimos fueron muy duros para vos.<br \/>\nMe gustar\u00eda verte sonre\u00edr una vez m\u00e1s.<br \/>\nNo podr\u00e9 despedirme, vos sab\u00e9s por qu\u00e9.<br \/>\nNosotros morimos perseguidos, en la oscuridad.<br \/>\nEl verdadero cementerio es la memoria.<br \/>\nAh\u00ed te guardo, te acuno, te celebro y quiz\u00e1 te envidio, querida m\u00eda.<br \/>\n5\/10<br \/>\nHabl\u00e9 con tu mam\u00e1. Est\u00e1 orgullosa en su dolor, segura de haber entendido tu corta, dura, maravillosa vida.<br \/>\nAnoche tuve una pesadilla torrencial, en la que hab\u00eda una columna de fuego, poderosa pero contenida en sus l\u00edmites, que brotaba de alguna profundidad.<br \/>\nHoy en el tren un hombre dec\u00eda: -Sufro mucho. Quisiera acostarme a dormir y despertarme dentro de un a\u00f1o. Hablaba por \u00e9l, pero tambi\u00e9n por mi.<\/p>\n","protected":false},"excerpt":{"rendered":"<p>UNIDAD 7 TEXTO COMPLEMENTARIO 1\/10 Querida Vicki. La noticia de tu muerte me lleg\u00f3 hoy a las tres de la tarde. Est\u00e1bamos en reuni\u00f3n\u2026cuando empezaron a transmitir el comunicado. Escuch\u00e9 tu nombre, mal pronunciado, y tard\u00e9 un segundo en asimilarlo. Maquinalmente empec\u00e9 a santiguarme como cuando era chico. No termin\u00e9 ese gesto. El mundo estuvo [&hellip;]<\/p>\n","protected":false},"author":6,"featured_media":0,"comment_status":"closed","ping_status":"closed","sticky":false,"template":"","format":"standard","meta":{"footnotes":""},"categories":[28],"tags":[],"_links":{"self":[{"href":"https:\/\/redaccion1.fcpolit.unr.edu.ar\/programa\/wp-json\/wp\/v2\/posts\/289"}],"collection":[{"href":"https:\/\/redaccion1.fcpolit.unr.edu.ar\/programa\/wp-json\/wp\/v2\/posts"}],"about":[{"href":"https:\/\/redaccion1.fcpolit.unr.edu.ar\/programa\/wp-json\/wp\/v2\/types\/post"}],"author":[{"embeddable":true,"href":"https:\/\/redaccion1.fcpolit.unr.edu.ar\/programa\/wp-json\/wp\/v2\/users\/6"}],"replies":[{"embeddable":true,"href":"https:\/\/redaccion1.fcpolit.unr.edu.ar\/programa\/wp-json\/wp\/v2\/comments?post=289"}],"version-history":[{"count":0,"href":"https:\/\/redaccion1.fcpolit.unr.edu.ar\/programa\/wp-json\/wp\/v2\/posts\/289\/revisions"}],"wp:attachment":[{"href":"https:\/\/redaccion1.fcpolit.unr.edu.ar\/programa\/wp-json\/wp\/v2\/media?parent=289"}],"wp:term":[{"taxonomy":"category","embeddable":true,"href":"https:\/\/redaccion1.fcpolit.unr.edu.ar\/programa\/wp-json\/wp\/v2\/categories?post=289"},{"taxonomy":"post_tag","embeddable":true,"href":"https:\/\/redaccion1.fcpolit.unr.edu.ar\/programa\/wp-json\/wp\/v2\/tags?post=289"}],"curies":[{"name":"wp","href":"https:\/\/api.w.org\/{rel}","templated":true}]}}