{"id":278,"date":"2008-06-13T22:41:37","date_gmt":"2008-06-13T22:41:37","guid":{"rendered":"http:\/\/fcpolit.unr.edu.ar\/blogs\/programa\/2008\/06\/13\/articulacion-entre-unidades\/"},"modified":"2008-06-13T22:41:37","modified_gmt":"2008-06-13T22:41:37","slug":"articulacion-entre-unidades","status":"publish","type":"post","link":"https:\/\/redaccion1.fcpolit.unr.edu.ar\/programa\/2008\/06\/13\/articulacion-entre-unidades\/","title":{"rendered":"Articulaci\u00f3n entre Unidades"},"content":{"rendered":"<p><strong>UNIDAD 2<br \/>\nTRABAJO PR\u00c1CTICO<\/strong><br \/>\n1) Durante la clase, los alumnos se reunir\u00e1n en grupos.<br \/>\n2) Cada grupo reflexionar\u00e1 sobre lo estudiado en la Unidad 2.<br \/>\n3) Luego, reflexionar\u00e1n sobre las vinculaciones m\u00e1s importantes que se pueden establecer entre las Unidades 1 y 2.<br \/>\n4) Luego, cada alumno, individualmente, redactar\u00e1 un texto a partir de la reflexi\u00f3n realizada en el grupo.<\/p>\n","protected":false},"excerpt":{"rendered":"<p>UNIDAD 2 TRABAJO PR\u00c1CTICO 1) Durante la clase, los alumnos se reunir\u00e1n en grupos. 2) Cada grupo reflexionar\u00e1 sobre lo estudiado en la Unidad 2. 3) Luego, reflexionar\u00e1n sobre las vinculaciones m\u00e1s importantes que se pueden establecer entre las Unidades 1 y 2. 4) Luego, cada alumno, individualmente, redactar\u00e1 un texto a partir de la [&hellip;]<\/p>\n","protected":false},"author":6,"featured_media":0,"comment_status":"closed","ping_status":"closed","sticky":false,"template":"","format":"standard","meta":{"footnotes":""},"categories":[12],"tags":[],"_links":{"self":[{"href":"https:\/\/redaccion1.fcpolit.unr.edu.ar\/programa\/wp-json\/wp\/v2\/posts\/278"}],"collection":[{"href":"https:\/\/redaccion1.fcpolit.unr.edu.ar\/programa\/wp-json\/wp\/v2\/posts"}],"about":[{"href":"https:\/\/redaccion1.fcpolit.unr.edu.ar\/programa\/wp-json\/wp\/v2\/types\/post"}],"author":[{"embeddable":true,"href":"https:\/\/redaccion1.fcpolit.unr.edu.ar\/programa\/wp-json\/wp\/v2\/users\/6"}],"replies":[{"embeddable":true,"href":"https:\/\/redaccion1.fcpolit.unr.edu.ar\/programa\/wp-json\/wp\/v2\/comments?post=278"}],"version-history":[{"count":0,"href":"https:\/\/redaccion1.fcpolit.unr.edu.ar\/programa\/wp-json\/wp\/v2\/posts\/278\/revisions"}],"wp:attachment":[{"href":"https:\/\/redaccion1.fcpolit.unr.edu.ar\/programa\/wp-json\/wp\/v2\/media?parent=278"}],"wp:term":[{"taxonomy":"category","embeddable":true,"href":"https:\/\/redaccion1.fcpolit.unr.edu.ar\/programa\/wp-json\/wp\/v2\/categories?post=278"},{"taxonomy":"post_tag","embeddable":true,"href":"https:\/\/redaccion1.fcpolit.unr.edu.ar\/programa\/wp-json\/wp\/v2\/tags?post=278"}],"curies":[{"name":"wp","href":"https:\/\/api.w.org\/{rel}","templated":true}]}}