{"id":257,"date":"2008-04-12T22:28:56","date_gmt":"2008-04-12T22:28:56","guid":{"rendered":"http:\/\/fcpolit.unr.edu.ar\/blogs\/programa\/2008\/04\/12\/entrecruzamiento-de-la-narracion-con-otros-modos-de-construccion-textual\/"},"modified":"2008-04-12T22:28:56","modified_gmt":"2008-04-12T22:28:56","slug":"entrecruzamiento-de-la-narracion-con-otros-modos-de-construccion-textual","status":"publish","type":"post","link":"https:\/\/redaccion1.fcpolit.unr.edu.ar\/programa\/2008\/04\/12\/entrecruzamiento-de-la-narracion-con-otros-modos-de-construccion-textual\/","title":{"rendered":"Entrecruzamiento de la narraci\u00f3n con otros modos de construcci\u00f3n textual"},"content":{"rendered":"<p><strong>UNIDAD SEIS<\/strong><br \/>\n<strong>TEXTO BASE 4<\/strong><br \/>\nEn los puntos anteriores se traz\u00f3 un panorama de las formas en que pensamos y tramamos las narraciones. En este punto, explicaremos brevemente la aparici\u00f3n de textos narrativos incrustados en otros textos, haremos un resumen para cerrar esta unidad y nos lanzaremos a la producci\u00f3n.<br \/>\nSi observamos con atenci\u00f3n los diferentes tipos de textos que aparecen en un diario de circulaci\u00f3n masiva, podemos encontrar estructuras narrativas en diferentes materiales informativos, tales como noticias, cr\u00f3nicas, entrevistas, notas, tambi\u00e9n en materiales de opini\u00f3n, tales como editoriales, columnas de an\u00e1lisis pol\u00edtico, y tambi\u00e9n en otros tipos de texto de dif\u00edcil clasificaci\u00f3n como contratapas.<br \/>\nLas narraciones se manifiestan tambi\u00e9n en otros sistemas semi\u00f3ticos como la publicidad televisiva, las pel\u00edculas, las historietas, las telenovelas, el discurso pol\u00edtico y en muchos g\u00e9neros musicales, desde la \u00f3pera a las canciones populares.<br \/>\nLa elecci\u00f3n de una superestructura narrativa se puede decidir para todo el texto o para un fragmento de \u00e9ste. Dicha elecci\u00f3n depender\u00e1 de la intenci\u00f3n pragm\u00e1tica del hablante en el contexto comunicativo en que se encuentre. Por ejemplo, en el marco de redacci\u00f3n de una entrevista period\u00edstica, puede ser que para provocar el inter\u00e9s de los lectores, el escritor decida presentar al entrevistado con una an\u00e9cdota, para lo cual escribir\u00e1 un fragmento del texto en forma de narraci\u00f3n y proseguir\u00e1 con un formato pregunta-respuesta o con alternancia de estilos directo e indirecto. Lo mismo vale para los textos de opini\u00f3n: suele darse que para argumentar a favor o en contra de determinada hip\u00f3tesis, el escritor utiliza una narraci\u00f3n como recurso para convencer a la audiencia; en este caso, el hecho narrado se comporta como un argumento.<\/p>\n<p>Muchas veces, el escritor considera que el sistema narrativo aporta a la comprensibilidad de una noticia, en consecuencia, elige el formato narrativo para la redacci\u00f3n del cuerpo de una noticia y descarta el esquema de pir\u00e1mide invertida, aunque, el primer p\u00e1rrafo siempre responder\u00e1 a criterios de relevancia y aparecer\u00e1, por lo tanto, con formato de lid noticioso o encabezamiento. Estar\u00edamos en presencia de una cr\u00f3nica, reconociendo este g\u00e9nero desde la teor\u00eda general del periodismo.<\/p>\n<p><span style=\"text-decoration: underline\"><strong>En resumen<\/strong><\/span><\/p>\n<p>Las cuestiones principales relativas a la narraci\u00f3n:<\/p>\n<p>1. Se trata de un modo que tiene el pensamiento de organizar el conocimiento para que el sujeto lo internalice y para comunicarlo a otros.<\/p>\n<p>2. En su formato textual, las narraciones constituyen formas b\u00e1sicas globales destinadas a contar lo que nos pas\u00f3.<\/p>\n<p>3. Los contenidos de las narraciones refieren a sucesos o acciones de personas que resulten interesantes, por lo tanto, contar algo siempre significa un cambio, dada una situaci\u00f3n estable.<\/p>\n<p>4. La superestructura de las narraciones que describe van Dijk es un esquema global que permite comprender y tambi\u00e9n generar textos narrativos bien formados. De las categor\u00edas que describe, se\u00f1alaremos <strong><em>Complicaci\u00f3n<\/em><\/strong>, <em><strong>Resoluci\u00f3n<\/strong><\/em> y <strong><em>Marco<\/em><\/strong><em>\u00a0<\/em>como aquellas que necesariamente debe contener un texto narrativo para que pueda ser reconocido como tal.<\/p>\n<p>5. En el marco de la redacci\u00f3n de textos destinados a p\u00fablicos, elegir un formato narrativo es siempre una componente estrat\u00e9gico de la producci\u00f3n de todo texto y se vincula especialmente, con las decisiones pragm\u00e1ticas para determinada situaci\u00f3n de comunicaci\u00f3n y con las decisiones de asignaci\u00f3n de la coherencia global.<\/p>\n<p>&nbsp;<\/p>\n","protected":false},"excerpt":{"rendered":"<p>UNIDAD SEIS TEXTO BASE 4 En los puntos anteriores se traz\u00f3 un panorama de las formas en que pensamos y tramamos las narraciones. En este punto, explicaremos brevemente la aparici\u00f3n de textos narrativos incrustados en otros textos, haremos un resumen para cerrar esta unidad y nos lanzaremos a la producci\u00f3n. Si observamos con atenci\u00f3n los [&hellip;]<\/p>\n","protected":false},"author":1,"featured_media":0,"comment_status":"closed","ping_status":"closed","sticky":false,"template":"","format":"standard","meta":{"footnotes":""},"categories":[44],"tags":[],"_links":{"self":[{"href":"https:\/\/redaccion1.fcpolit.unr.edu.ar\/programa\/wp-json\/wp\/v2\/posts\/257"}],"collection":[{"href":"https:\/\/redaccion1.fcpolit.unr.edu.ar\/programa\/wp-json\/wp\/v2\/posts"}],"about":[{"href":"https:\/\/redaccion1.fcpolit.unr.edu.ar\/programa\/wp-json\/wp\/v2\/types\/post"}],"author":[{"embeddable":true,"href":"https:\/\/redaccion1.fcpolit.unr.edu.ar\/programa\/wp-json\/wp\/v2\/users\/1"}],"replies":[{"embeddable":true,"href":"https:\/\/redaccion1.fcpolit.unr.edu.ar\/programa\/wp-json\/wp\/v2\/comments?post=257"}],"version-history":[{"count":0,"href":"https:\/\/redaccion1.fcpolit.unr.edu.ar\/programa\/wp-json\/wp\/v2\/posts\/257\/revisions"}],"wp:attachment":[{"href":"https:\/\/redaccion1.fcpolit.unr.edu.ar\/programa\/wp-json\/wp\/v2\/media?parent=257"}],"wp:term":[{"taxonomy":"category","embeddable":true,"href":"https:\/\/redaccion1.fcpolit.unr.edu.ar\/programa\/wp-json\/wp\/v2\/categories?post=257"},{"taxonomy":"post_tag","embeddable":true,"href":"https:\/\/redaccion1.fcpolit.unr.edu.ar\/programa\/wp-json\/wp\/v2\/tags?post=257"}],"curies":[{"name":"wp","href":"https:\/\/api.w.org\/{rel}","templated":true}]}}