{"id":222,"date":"2008-03-29T09:26:11","date_gmt":"2008-03-29T09:26:11","guid":{"rendered":"http:\/\/fcpolit.unr.edu.ar\/blogs\/programa\/2008\/03\/29\/entrevista-entrevistador\/"},"modified":"2008-03-29T09:26:11","modified_gmt":"2008-03-29T09:26:11","slug":"entrevista-entrevistador","status":"publish","type":"post","link":"https:\/\/redaccion1.fcpolit.unr.edu.ar\/programa\/2008\/03\/29\/entrevista-entrevistador\/","title":{"rendered":"Entrevista, entrevistador"},"content":{"rendered":"<p><strong>UNIDAD 5<\/strong><br \/>\n<strong>TRABAJO PR\u00c1CTICO<\/strong> \/ Ir a <a title=\"La entrevista como recolecci\u00f3n de datos\" href=\"https:\/\/blogs.fcpolit.unr.edu.ar\/programa\/2008\/03\/29\/la-entrevista-como-herramienta-de-recoleccion-de-datos\/\">La entrevista como herramienta de recolecci\u00f3n <\/a>de datos<br \/>\n<strong>Objetivo:<\/strong><br \/>\nEl prop\u00f3sito de este trabajo es realizar una entrevista y tomar decisiones de producci\u00f3n, desde la elecci\u00f3n de la persona que se entrevistar\u00e1 hasta la forma en que se escribir\u00e1 el texto.<br \/>\nTambi\u00e9n es un objetivo de este pr\u00e1ctico integrar los temas que se trabajan en taller de lectura con una producci\u00f3n escrita sobre esa tem\u00e1tica.<\/p>\n<p>Entrevista a Rafael Alberti.<br \/>\n<strong>Consigna:<\/strong><br \/>\nSeleccionen un personaje para entrevistar en el marco de una tem\u00e1tica que sea de vuestro inter\u00e9s.<br \/>\n\u00b7 Contacten al personaje, planifiquen la entrevista y real\u00edcenla.<br \/>\n\u00b7 Si es posible, tomen fotos durante la realizaci\u00f3n de la entrevista.<br \/>\n\u00b7 Para la producci\u00f3n del texto, primero describan las condiciones de publicaci\u00f3n: medio, audiencia, etc. y relacionen estas condiciones con el valor del material que se obtuvo durante la conversaci\u00f3n con el personaje.<br \/>\n\u00b7 Reci\u00e9n despu\u00e9s de esta valoraci\u00f3n, decidan en qu\u00e9 formato se va a resolver el texto: puede ser con estilos directo e indirecto, como la nota a Rosa Montero, puede ser con pregunta-respuesta. La idea es que estas decisiones son parte de la resoluci\u00f3n de un problema, entonces corresponde una soluci\u00f3n para cada caso. Cada uno, en consulta con el tutor, tiene que decidir cu\u00e1l es la soluci\u00f3n de escritura que m\u00e1s conviene para el material que obtuvo.<\/p>\n","protected":false},"excerpt":{"rendered":"<p>UNIDAD 5 TRABAJO PR\u00c1CTICO \/ Ir a La entrevista como herramienta de recolecci\u00f3n de datos Objetivo: El prop\u00f3sito de este trabajo es realizar una entrevista y tomar decisiones de producci\u00f3n, desde la elecci\u00f3n de la persona que se entrevistar\u00e1 hasta la forma en que se escribir\u00e1 el texto. Tambi\u00e9n es un objetivo de este pr\u00e1ctico [&hellip;]<\/p>\n","protected":false},"author":6,"featured_media":0,"comment_status":"closed","ping_status":"closed","sticky":false,"template":"","format":"standard","meta":{"footnotes":""},"categories":[39],"tags":[],"_links":{"self":[{"href":"https:\/\/redaccion1.fcpolit.unr.edu.ar\/programa\/wp-json\/wp\/v2\/posts\/222"}],"collection":[{"href":"https:\/\/redaccion1.fcpolit.unr.edu.ar\/programa\/wp-json\/wp\/v2\/posts"}],"about":[{"href":"https:\/\/redaccion1.fcpolit.unr.edu.ar\/programa\/wp-json\/wp\/v2\/types\/post"}],"author":[{"embeddable":true,"href":"https:\/\/redaccion1.fcpolit.unr.edu.ar\/programa\/wp-json\/wp\/v2\/users\/6"}],"replies":[{"embeddable":true,"href":"https:\/\/redaccion1.fcpolit.unr.edu.ar\/programa\/wp-json\/wp\/v2\/comments?post=222"}],"version-history":[{"count":0,"href":"https:\/\/redaccion1.fcpolit.unr.edu.ar\/programa\/wp-json\/wp\/v2\/posts\/222\/revisions"}],"wp:attachment":[{"href":"https:\/\/redaccion1.fcpolit.unr.edu.ar\/programa\/wp-json\/wp\/v2\/media?parent=222"}],"wp:term":[{"taxonomy":"category","embeddable":true,"href":"https:\/\/redaccion1.fcpolit.unr.edu.ar\/programa\/wp-json\/wp\/v2\/categories?post=222"},{"taxonomy":"post_tag","embeddable":true,"href":"https:\/\/redaccion1.fcpolit.unr.edu.ar\/programa\/wp-json\/wp\/v2\/tags?post=222"}],"curies":[{"name":"wp","href":"https:\/\/api.w.org\/{rel}","templated":true}]}}