{"id":214,"date":"2008-03-29T09:05:25","date_gmt":"2008-03-29T09:05:25","guid":{"rendered":"http:\/\/fcpolit.unr.edu.ar\/blogs\/programa\/2008\/03\/29\/campo-semantico-del-decir-mabel-marro-y-amalia-dellamea\/"},"modified":"2008-03-29T09:05:25","modified_gmt":"2008-03-29T09:05:25","slug":"campo-semantico-del-decir-mabel-marro-y-amalia-dellamea","status":"publish","type":"post","link":"https:\/\/redaccion1.fcpolit.unr.edu.ar\/programa\/2008\/03\/29\/campo-semantico-del-decir-mabel-marro-y-amalia-dellamea\/","title":{"rendered":"Campo sem\u00e1ntico del decir &#8211; Mabel Marro y Amalia Dellamea"},"content":{"rendered":"<p>El verbo decir es el verbo t\u00edpico y generalista para utilizar en los textos en los que la referencia de voces es frecuente. Pero, a la vez, el sentido de decir se despliega en un campo sem\u00e1ntico que, en espa\u00f1ol, incluye m\u00e1s de 1700 formas.<br \/>\nCada una de ellas implica el sentido de decir y agrega alg\u00fan rasgo de sentido que suele relacionarse con las condiciones de producci\u00f3n del discurso original. Estas formas aportan informaci\u00f3n sobre la manera en que algo fue dicho, la certidumbre de lo que se dice, lo verificable y lo controvertible, la situaci\u00f3n de poder de quien lo dice.<br \/>\nA continuaci\u00f3n, una variedad de formas de decir de uso frecuente en el discurso de las noticias.<br \/>\n<strong>X dijo algo.<\/strong><br \/>\n<strong>X anunci\u00f3 algo.<\/strong> Presupone que X sabe algo que est\u00e1 seguro que oficialmente puede dar a conocer.<br \/>\n<strong>X anticip\u00f3 algo.<\/strong> Presupone que X sabe algo que extraoficialmente est\u00e1 dispuesto a hacer conocer por anticipado.<br \/>\n<strong>X explic\u00f3 algo.<\/strong> Presupone que X sabe y puede razonar sobre un hecho y que est\u00e1 dispuesto a desarrollarlo para que los dem\u00e1s lo entiendan.<br \/>\n<strong>X confirm\u00f3 algo.<\/strong> Presupone que X tiene poder para oficializar o revalidar algo.<br \/>\n<strong>X destac\u00f3 algo.<\/strong> Presupone que \u201calgo\u201d es lo m\u00e1s relevante que X quiso se\u00f1alar.<br \/>\n<strong>X afirm\u00f3 algo.<\/strong> Presupone que X est\u00e1 seguro de lo que dice.<br \/>\n<strong>X asegur\u00f3 algo.<\/strong> Presupone que X est\u00e1 garantizando lo que dice y que X intenta infundir confianza.<br \/>\n<strong>X coment\u00f3 algo.<\/strong> Presupone que X va a dar su punto de vista individual sobre c\u00f3mo algo o alguien es.<br \/>\n<strong>X describi\u00f3 algo.<\/strong> Presupone que X est\u00e1 interesado en dar detalles sobre c\u00f3mo algo o alguien es.<br \/>\n<strong>X aleg\u00f3 algo.<\/strong> Presupone que X est\u00e1 interesado en aportar pruebas en su favor.<br \/>\n<strong>X contradijo a alguien.<\/strong> Presupone que X hace frente a las palabras de otro.<br \/>\n<strong>X argument\u00f3 algo.<\/strong> Presupone que X est\u00e1 dispuesto a presentar argumentos o pruebas a favor o en contra de algo o alguien.<br \/>\n<strong>X sostuvo algo.<\/strong> Presupone que X mantiene o defiende con seguridad o firmeza una opini\u00f3n propia.<br \/>\n<strong>X consider\u00f3 algo.<\/strong> Presupone que X analiz\u00f3 exhaustivamente un hecho antes de decirlo.<br \/>\n<strong>X objet\u00f3 algo.<\/strong> Presupone que X tiene algo que decir contra el parecer de otro.<br \/>\n<strong>X opin\u00f3 algo.<\/strong> Presupone que X no va a comunicar un hecho sino un juicio personal.<br \/>\n<strong>X pidi\u00f3 algo.<\/strong> Presupone que X va a lograr que otro haga algo y lo pide cort\u00e9s y formalmente.<br \/>\n<strong>X demand\u00f3 algo.<\/strong> Presupone que X est\u00e1 en condiciones de exigir que alguien haga algo.<br \/>\n<strong>X pregunt\u00f3 algo.<\/strong> Presupone que X quiere saber algo pero su interlocutor no est\u00e1 obligado a responder.<br \/>\n<strong>X interrog\u00f3 a alguien<\/strong>. Presupone que X tiene poder sobre alguien para averiguar algo y que el interrogado tiene la obligaci\u00f3n de responder.<br \/>\n<strong>X expres\u00f3 algo.<\/strong> Presupone que no es lo m\u00e1s importante que X est\u00e1 diciendo sino que es s\u00f3lo un fragmento de su discurso.<br \/>\n<strong>X inform\u00f3 algo.<\/strong> Presupone que lo que X tiene para decir es importante y que ata\u00f1e a todos los miembros de la audiencia.<br \/>\n<strong>X respondi\u00f3 a alguien.<\/strong> Presupone que X est\u00e1 brindando la informaci\u00f3n requerida.<br \/>\n<strong>X contest\u00f3 a alguien.<\/strong> Presupone que X responde a alguien de un modo contundente con reparos a una pregunta.<br \/>\n<strong>X replic\u00f3 algo.<\/strong> Presupone que X contesta a una respuesta de alguien y no a una pregunta.<br \/>\n<strong>X aconsej\u00f3 algo.<\/strong> Presupone que X sabe algo que puede ser conveniente que otro sepa. En algunas ocasiones puede ser la atenuante de una amenaza.<br \/>\n<strong>X manifest\u00f3 algo.<\/strong> Presupone que lo que X tiene para dar a conocer o declarar es pol\u00e9mico.<br \/>\n<strong>X se\u00f1al\u00f3 algo.<\/strong> Presupone que X tiene algo que indicar especialmente en su discurso y que quien lo recibe debe prestar atenci\u00f3n.<br \/>\n<strong>X subray\u00f3 algo.<\/strong> Presupone que X desea hacer hincapi\u00e9 en algo y que est\u00e1 dispuesto a llamar la atenci\u00f3n sobre eso.<br \/>\n<strong>X neg\u00f3 algo.<\/strong> Presupone que X est\u00e1 dispuesto a decir que algo no es cierto.<br \/>\n<strong>X reiter\u00f3 algo.<\/strong> Presupone que X est\u00e1 resuelto a insistir sobre un tema ya tratado.<br \/>\n<strong>X ratific\u00f3 algo.<\/strong> Presupone que X est\u00e1 obligado a confirmar lo dicho o hecho por otro o por \u00e9l mismo.<\/p>\n","protected":false},"excerpt":{"rendered":"<p>El verbo decir es el verbo t\u00edpico y generalista para utilizar en los textos en los que la referencia de voces es frecuente. Pero, a la vez, el sentido de decir se despliega en un campo sem\u00e1ntico que, en espa\u00f1ol, incluye m\u00e1s de 1700 formas. Cada una de ellas implica el sentido de decir y [&hellip;]<\/p>\n","protected":false},"author":6,"featured_media":0,"comment_status":"closed","ping_status":"closed","sticky":false,"template":"","format":"standard","meta":{"footnotes":""},"categories":[38],"tags":[],"_links":{"self":[{"href":"https:\/\/redaccion1.fcpolit.unr.edu.ar\/programa\/wp-json\/wp\/v2\/posts\/214"}],"collection":[{"href":"https:\/\/redaccion1.fcpolit.unr.edu.ar\/programa\/wp-json\/wp\/v2\/posts"}],"about":[{"href":"https:\/\/redaccion1.fcpolit.unr.edu.ar\/programa\/wp-json\/wp\/v2\/types\/post"}],"author":[{"embeddable":true,"href":"https:\/\/redaccion1.fcpolit.unr.edu.ar\/programa\/wp-json\/wp\/v2\/users\/6"}],"replies":[{"embeddable":true,"href":"https:\/\/redaccion1.fcpolit.unr.edu.ar\/programa\/wp-json\/wp\/v2\/comments?post=214"}],"version-history":[{"count":0,"href":"https:\/\/redaccion1.fcpolit.unr.edu.ar\/programa\/wp-json\/wp\/v2\/posts\/214\/revisions"}],"wp:attachment":[{"href":"https:\/\/redaccion1.fcpolit.unr.edu.ar\/programa\/wp-json\/wp\/v2\/media?parent=214"}],"wp:term":[{"taxonomy":"category","embeddable":true,"href":"https:\/\/redaccion1.fcpolit.unr.edu.ar\/programa\/wp-json\/wp\/v2\/categories?post=214"},{"taxonomy":"post_tag","embeddable":true,"href":"https:\/\/redaccion1.fcpolit.unr.edu.ar\/programa\/wp-json\/wp\/v2\/tags?post=214"}],"curies":[{"name":"wp","href":"https:\/\/api.w.org\/{rel}","templated":true}]}}