{"id":1690,"date":"2020-07-29T14:26:08","date_gmt":"2020-07-29T14:26:08","guid":{"rendered":"http:\/\/blogs-fcpolit.unr.edu.ar\/programa\/?p=1690"},"modified":"2023-12-19T11:53:01","modified_gmt":"2023-12-19T14:53:01","slug":"unidad-4-1-generos-expositivos-y-explicativos","status":"publish","type":"post","link":"https:\/\/redaccion1.fcpolit.unr.edu.ar\/programa\/2020\/07\/29\/unidad-4-1-generos-expositivos-y-explicativos\/","title":{"rendered":"Unidad 4.1: Textos expositivos y explicativos"},"content":{"rendered":"<p>Hemos visto hasta ahora la noci\u00f3n de g\u00e9nero discursivo y dentro de ella, la del<br \/>\n<a href=\"https:\/\/drive.google.com\/file\/d\/1OsXNNseQk-Nq4AhS34-PUNKNzre1IRyA\/view?usp=sharing\" target=\"_blank\" rel=\"noopener\">discurso cient\u00edfico-acad\u00e9mico<\/a>. Muy vinculado a este g\u00e9nero de discurso podemos<br \/>\nubicar el primer grupo clasificatorio que estudiaremos en la Unidad 4, los <a href=\"https:\/\/drive.google.com\/file\/d\/1vxtkHc_ZmTVcwUAUXePjmmIq7P8hAoDl\/view?usp=sharing\" target=\"_blank\" rel=\"noopener\">g\u00e9neros<\/a><br \/>\nexpositivos y explicativos y una aplicaci\u00f3n concreta: la investigaci\u00f3n period\u00edstica.<\/p>\n<p><!--more--><\/p>\n<p>En este sentido el periodismo de investigaci\u00f3n es una muestra desde el \u00e1mbito de la<br \/>\ncomunicaci\u00f3n social de un tipo de g\u00e9nero expositivo que tiene como base el concepto<br \/>\nde actualidad y el derecho a la informaci\u00f3n.<\/p>\n<p>Para esto el tratamiento de fuentes contrastadas, la participaci\u00f3n del periodista en la<br \/>\nobservaci\u00f3n de los hechos, el an\u00e1lisis cr\u00edtico de estos y finamente la redacci\u00f3n de un<br \/>\ntexto period\u00edstico de investigaci\u00f3n es una labor que implica el uso de las mismas<br \/>\nherramientas y t\u00e9cnicas para la construcci\u00f3n del resto de los relatos period\u00edsticos<br \/>\npero reforzando a\u00fan m\u00e1s la rigurosidad en los pasos de la investigaci\u00f3n y publicaci\u00f3n<br \/>\nparcial o total de los resultados.<\/p>\n<p>Un proceso que abarca desde <a href=\"https:\/\/drive.google.com\/file\/d\/1yDEYS0VJ0hG3FQjIyVSktw6SWwvJ-uoi\/view?usp=sharing\" target=\"_blank\" rel=\"noopener\">la formulaci\u00f3n de hip\u00f3tesis<\/a>, la b\u00fasqueda de fuentes, el uso de lo que Bajtin denomina, g\u00e9neros primarios, como la entrevista, el reportaje, la palabra de los protagonistas de los hechos relevados, hasta la elaboraci\u00f3n de complejos entramados de <a href=\"https:\/\/drive.google.com\/file\/d\/1VsnEJvvR21j59DLmWkh0H4NOZdmi9bIy\/view?usp=sharing\" target=\"_blank\" rel=\"noopener\">relatos sobre los casos investigados<\/a>.<\/p>\n<p>Pero como todo <a href=\"https:\/\/drive.google.com\/file\/d\/1JUH0RSHtzSnNWpSV7sAVzPJOlxN5-OY8\/view?usp=sharing\" target=\"_blank\" rel=\"noopener\">proceso de investigaci\u00f3n<\/a>, la period\u00edstica tambi\u00e9n debe cumplir una<br \/>\nserie de pasos, controles y revisiones para cumplir con los objetivos de la<br \/>\ninvestigaci\u00f3n y por supuesto dar respuestas cuando sea posible o ensayar miradas,<br \/>\nexplicaciones y razones sobre los temas que interesan y circulan en la opini\u00f3n p\u00fablica.<\/p>\n<p>&nbsp;<\/p>\n<p><strong>Bibliograf\u00eda<\/strong><\/p>\n<p>Hunter, Mark; Sengers, Luuk; Thordsen, Pia (2013) \u201c<a href=\"https:\/\/drive.google.com\/file\/d\/1n_PIE52Odz3FUnmlGzcIyIMQoZo-Y6qI\/view\" target=\"_blank\" rel=\"noopener\">El uso de hip\u00f3tesis: el n\u00facleo del m\u00e9todo de investigaci\u00f3n<\/a>\u201d En <em>La investigaci\u00f3n a partir de historias. Manual para periodistas de investigaci\u00f3n<\/em>. Ediciones UNESCO. Pp. 13-26<\/p>\n<p>Reyes, Gerardo (1999), <a href=\"https:\/\/drive.google.com\/file\/d\/1VsnEJvvR21j59DLmWkh0H4NOZdmi9bIy\/view?usp=sharing\" target=\"_blank\" rel=\"noopener\">&#8220;Redacci\u00f3n&#8221;<\/a>. En <em>El periodismo de investigaci\u00f3n<\/em>. M\u00e9xico: Trillas.<\/p>\n<p>Reale, Anal\u00eda (2016). <a href=\"https:\/\/drive.google.com\/file\/d\/1OsXNNseQk-Nq4AhS34-PUNKNzre1IRyA\/view?usp=sharing\" target=\"_blank\" rel=\"noopener\">&#8220;Explorar el universo del discurso&#8221;<\/a>. En <em>Leer y escribir textos de ciencias sociales: procesos y estrategias<\/em>. Unidad de Publicaciones para la Comunicaci\u00f3n Social de la Ciencia, Universidad Nacional de Quilmes<\/p>\n<p>Rojas Delgado, Daniel (2012), <a href=\"https:\/\/drive.google.com\/file\/d\/1JUH0RSHtzSnNWpSV7sAVzPJOlxN5-OY8\/view?usp=sharing\" target=\"_blank\" rel=\"noopener\">&#8220;C\u00f3mo hacer periodismo de investigaci\u00f3n, paso por paso&#8221;<\/a>.<\/p>\n<p>S\u00e1nchez Lobato, Jes\u00fas (2006), <a href=\"https:\/\/drive.google.com\/file\/d\/1vxtkHc_ZmTVcwUAUXePjmmIq7P8hAoDl\/view?usp=sharing\" target=\"_blank\" rel=\"noopener\">&#8220;Modelo del texto expositivo&#8221;<\/a> en Saber escribir. Madrid: Instituto Cervantes, Aguilar, pp.367-375<\/p>\n","protected":false},"excerpt":{"rendered":"<p>Hemos visto hasta ahora la noci\u00f3n de g\u00e9nero discursivo y dentro de ella, la del discurso cient\u00edfico-acad\u00e9mico. Muy vinculado a este g\u00e9nero de discurso podemos ubicar el primer grupo clasificatorio que estudiaremos en la Unidad 4, los g\u00e9neros expositivos y explicativos y una aplicaci\u00f3n concreta: la investigaci\u00f3n period\u00edstica.<\/p>\n","protected":false},"author":9,"featured_media":0,"comment_status":"closed","ping_status":"closed","sticky":false,"template":"","format":"standard","meta":{"footnotes":""},"categories":[68],"tags":[],"_links":{"self":[{"href":"https:\/\/redaccion1.fcpolit.unr.edu.ar\/programa\/wp-json\/wp\/v2\/posts\/1690"}],"collection":[{"href":"https:\/\/redaccion1.fcpolit.unr.edu.ar\/programa\/wp-json\/wp\/v2\/posts"}],"about":[{"href":"https:\/\/redaccion1.fcpolit.unr.edu.ar\/programa\/wp-json\/wp\/v2\/types\/post"}],"author":[{"embeddable":true,"href":"https:\/\/redaccion1.fcpolit.unr.edu.ar\/programa\/wp-json\/wp\/v2\/users\/9"}],"replies":[{"embeddable":true,"href":"https:\/\/redaccion1.fcpolit.unr.edu.ar\/programa\/wp-json\/wp\/v2\/comments?post=1690"}],"version-history":[{"count":1,"href":"https:\/\/redaccion1.fcpolit.unr.edu.ar\/programa\/wp-json\/wp\/v2\/posts\/1690\/revisions"}],"predecessor-version":[{"id":2339,"href":"https:\/\/redaccion1.fcpolit.unr.edu.ar\/programa\/wp-json\/wp\/v2\/posts\/1690\/revisions\/2339"}],"wp:attachment":[{"href":"https:\/\/redaccion1.fcpolit.unr.edu.ar\/programa\/wp-json\/wp\/v2\/media?parent=1690"}],"wp:term":[{"taxonomy":"category","embeddable":true,"href":"https:\/\/redaccion1.fcpolit.unr.edu.ar\/programa\/wp-json\/wp\/v2\/categories?post=1690"},{"taxonomy":"post_tag","embeddable":true,"href":"https:\/\/redaccion1.fcpolit.unr.edu.ar\/programa\/wp-json\/wp\/v2\/tags?post=1690"}],"curies":[{"name":"wp","href":"https:\/\/api.w.org\/{rel}","templated":true}]}}