{"id":1681,"date":"2020-07-29T13:21:53","date_gmt":"2020-07-29T13:21:53","guid":{"rendered":"http:\/\/blogs-fcpolit.unr.edu.ar\/programa\/?p=1681"},"modified":"2020-07-29T13:21:53","modified_gmt":"2020-07-29T13:21:53","slug":"guias-de-lectura-de-la-bibliografia-de-la-unidad-4-periodismo-y-generos-discursivos","status":"publish","type":"post","link":"https:\/\/redaccion1.fcpolit.unr.edu.ar\/programa\/2020\/07\/29\/guias-de-lectura-de-la-bibliografia-de-la-unidad-4-periodismo-y-generos-discursivos\/","title":{"rendered":"Gu\u00edas de lectura de la bibliograf\u00eda de la Unidad 4: Periodismo y g\u00e9neros discursivos."},"content":{"rendered":"<p>La bibliograf\u00eda corresponde la Introducci\u00f3n de la Unidad 4.<\/p>\n<p><!--more--><\/p>\n<p><strong>Calsamiglia, H y Tus\u00f3n, A. (2007). <em>Los g\u00e9neros discursivos y las secuencias textuales\u00a0<\/em>en Las cosas del decir.\u00a0<\/strong><\/p>\n<ol>\n<li>Describan la importancia y la complejidad de clasificar discursos que plantean las autoras (parte 1)<\/li>\n<li>Seg\u00fan Bajtin, \u00bfQu\u00e9 es un g\u00e9nero discursivo y cu\u00e1les son los factores que condicionan la existencia de un g\u00e9nero? (parte 2)<\/li>\n<li>Identifiquen las definiciones de g\u00e9nero primario y secundario de Bajtin y describan las caracter\u00edsticas de cada uno (parte 2).<\/li>\n<li>\u201cAl aprender una lengua, no s\u00f3lo aprendemos sus elementos gramaticales, sino tambi\u00e9n a reconocer y usar las formas gen\u00e9ricas ligadas a las esferas de actividad en que se organizan\u201d, dicen las autoras. Analicen este enunciado a trav\u00e9s de un ejemplo propio (parte 2).<\/li>\n<li>De acuerdo con las definiciones de Adam, expliquen qu\u00e9 es una secuencia textual, e identifiquen los 5 tipos que propone. (parte 3)<\/li>\n<li>\u00bfC\u00f3mo resuelve Adam la clasificaci\u00f3n de textos heterog\u00e9neos -considerando la disposici\u00f3n de las secuencias-? (parte 3)<\/li>\n<\/ol>\n<p>&nbsp;<\/p>\n<p><strong>Reale, Analia. Leer y escribir textos de ciencias sociales<\/strong><\/p>\n<ol>\n<li>Expliquen con el concepto de g\u00e9nero discursivo qu\u00e9 significa que el universo del discurso sea diverso pero no ca\u00f3tico.<\/li>\n<li>\u201cEn las distintas \u00e1reas en las que se desarrolla la actividad humana se organizan un conjunto de pr\u00e1cticas discursivas destinadas a encauzar la comunicaci\u00f3n\u201d, dice la autora. Identifiquen y describan algunos de ellos.<\/li>\n<li>\u00bfPor qu\u00e9 los g\u00e9neros discursivos son \u201cinstrumentos imprescindibles para producir e interpretar textos\u201d?<\/li>\n<li>\u00bfC\u00f3mo se relacionan los h\u00e1bitos sociales con los modelos de producci\u00f3n e interpretaci\u00f3n de discursos? Piensen en un ejemplo y desarr\u00f3llenlo.<\/li>\n<li>\u00bfDe qu\u00e9 manera intervienen \u201ctema\u201d, \u201cestilo\u201d y \u201cforma de composici\u00f3n\u201d en la construcci\u00f3n de un texto?<\/li>\n<li>Sobre los discursos cient\u00edficos. \u00bfQu\u00e9 finalidades satisfacen y a qu\u00e9 instancias de pr\u00e1cticas acad\u00e9micas corresponden los discursos cient\u00edficos?<\/li>\n<li>Enumeren y describan las caracter\u00edsticas de los discursos cient\u00edficos y acad\u00e9micos.<\/li>\n<\/ol>\n","protected":false},"excerpt":{"rendered":"<p>La bibliograf\u00eda corresponde la Introducci\u00f3n de la Unidad 4.<\/p>\n","protected":false},"author":6,"featured_media":0,"comment_status":"closed","ping_status":"closed","sticky":false,"template":"","format":"standard","meta":{"footnotes":""},"categories":[67,66],"tags":[],"_links":{"self":[{"href":"https:\/\/redaccion1.fcpolit.unr.edu.ar\/programa\/wp-json\/wp\/v2\/posts\/1681"}],"collection":[{"href":"https:\/\/redaccion1.fcpolit.unr.edu.ar\/programa\/wp-json\/wp\/v2\/posts"}],"about":[{"href":"https:\/\/redaccion1.fcpolit.unr.edu.ar\/programa\/wp-json\/wp\/v2\/types\/post"}],"author":[{"embeddable":true,"href":"https:\/\/redaccion1.fcpolit.unr.edu.ar\/programa\/wp-json\/wp\/v2\/users\/6"}],"replies":[{"embeddable":true,"href":"https:\/\/redaccion1.fcpolit.unr.edu.ar\/programa\/wp-json\/wp\/v2\/comments?post=1681"}],"version-history":[{"count":0,"href":"https:\/\/redaccion1.fcpolit.unr.edu.ar\/programa\/wp-json\/wp\/v2\/posts\/1681\/revisions"}],"wp:attachment":[{"href":"https:\/\/redaccion1.fcpolit.unr.edu.ar\/programa\/wp-json\/wp\/v2\/media?parent=1681"}],"wp:term":[{"taxonomy":"category","embeddable":true,"href":"https:\/\/redaccion1.fcpolit.unr.edu.ar\/programa\/wp-json\/wp\/v2\/categories?post=1681"},{"taxonomy":"post_tag","embeddable":true,"href":"https:\/\/redaccion1.fcpolit.unr.edu.ar\/programa\/wp-json\/wp\/v2\/tags?post=1681"}],"curies":[{"name":"wp","href":"https:\/\/api.w.org\/{rel}","templated":true}]}}