{"id":137,"date":"2008-03-13T22:56:20","date_gmt":"2008-03-13T22:56:20","guid":{"rendered":"http:\/\/fcpolit.unr.edu.ar\/blogs\/programa\/2008\/03\/13\/discurso-persuasivo-y-actos-de-habla\/"},"modified":"2008-03-13T22:56:20","modified_gmt":"2008-03-13T22:56:20","slug":"discurso-persuasivo-y-actos-de-habla","status":"publish","type":"post","link":"https:\/\/redaccion1.fcpolit.unr.edu.ar\/programa\/2008\/03\/13\/discurso-persuasivo-y-actos-de-habla\/","title":{"rendered":"Discurso persuasivo y actos de habla"},"content":{"rendered":"<p><strong>UNIDAD 7<\/strong><br \/>\n<strong>ACTIVIDAD<\/strong>\/ Ir a <a href=\"https:\/\/blogs.fcpolit.unr.edu.ar\/programa\/2008\/03\/13\/superestructuras-argumentativas\/\">Superestructuras argumentativas<\/a><br \/>\n<img loading=\"lazy\" decoding=\"async\" src=\"http:\/\/www.bdp.org.ar\/facultad\/catedras\/comsoc\/redaccion1\/unidades\/pensando1.jpg\" alt=\"pensando1.jpg\" width=\"400\" height=\"250\" \/><br \/>\n<strong>PARA PENSAR<\/strong>:<br \/>\n\u00bfSe podr\u00eda afirmar que los textos argumentativos comparten un \u00fanico macroacto de habla?<br \/>\n\u00bfDe qu\u00e9 depende que un discurso persuasivo consiga adhesi\u00f3n de la audiencia?<br \/>\nEn este tipo de textos, \u00bfpodemos describir qu\u00e9 son las preguntas ret\u00f3ricas, qu\u00e9 funci\u00f3n cumplen y c\u00f3mo se diferencian de otro tipo de preguntas?<br \/>\n<strong>PARA ESCRIBIR:<\/strong><br \/>\nRedactar un comentario a partir de la reflexi\u00f3n propuesta.<\/p>\n","protected":false},"excerpt":{"rendered":"<p>UNIDAD 7 ACTIVIDAD\/ Ir a Superestructuras argumentativas PARA PENSAR: \u00bfSe podr\u00eda afirmar que los textos argumentativos comparten un \u00fanico macroacto de habla? \u00bfDe qu\u00e9 depende que un discurso persuasivo consiga adhesi\u00f3n de la audiencia? En este tipo de textos, \u00bfpodemos describir qu\u00e9 son las preguntas ret\u00f3ricas, qu\u00e9 funci\u00f3n cumplen y c\u00f3mo se diferencian de otro [&hellip;]<\/p>\n","protected":false},"author":37,"featured_media":0,"comment_status":"closed","ping_status":"closed","sticky":false,"template":"","format":"standard","meta":{"footnotes":""},"categories":[27],"tags":[],"_links":{"self":[{"href":"https:\/\/redaccion1.fcpolit.unr.edu.ar\/programa\/wp-json\/wp\/v2\/posts\/137"}],"collection":[{"href":"https:\/\/redaccion1.fcpolit.unr.edu.ar\/programa\/wp-json\/wp\/v2\/posts"}],"about":[{"href":"https:\/\/redaccion1.fcpolit.unr.edu.ar\/programa\/wp-json\/wp\/v2\/types\/post"}],"author":[{"embeddable":true,"href":"https:\/\/redaccion1.fcpolit.unr.edu.ar\/programa\/wp-json\/wp\/v2\/users\/37"}],"replies":[{"embeddable":true,"href":"https:\/\/redaccion1.fcpolit.unr.edu.ar\/programa\/wp-json\/wp\/v2\/comments?post=137"}],"version-history":[{"count":0,"href":"https:\/\/redaccion1.fcpolit.unr.edu.ar\/programa\/wp-json\/wp\/v2\/posts\/137\/revisions"}],"wp:attachment":[{"href":"https:\/\/redaccion1.fcpolit.unr.edu.ar\/programa\/wp-json\/wp\/v2\/media?parent=137"}],"wp:term":[{"taxonomy":"category","embeddable":true,"href":"https:\/\/redaccion1.fcpolit.unr.edu.ar\/programa\/wp-json\/wp\/v2\/categories?post=137"},{"taxonomy":"post_tag","embeddable":true,"href":"https:\/\/redaccion1.fcpolit.unr.edu.ar\/programa\/wp-json\/wp\/v2\/tags?post=137"}],"curies":[{"name":"wp","href":"https:\/\/api.w.org\/{rel}","templated":true}]}}