{"id":117,"date":"2008-03-13T12:26:27","date_gmt":"2008-03-13T12:26:27","guid":{"rendered":"http:\/\/fcpolit.unr.edu.ar\/blogs\/programa\/2008\/03\/13\/generos-discursivos-mijail-bajtin\/"},"modified":"2008-03-13T12:26:27","modified_gmt":"2008-03-13T12:26:27","slug":"generos-discursivos-mijail-bajtin","status":"publish","type":"post","link":"https:\/\/redaccion1.fcpolit.unr.edu.ar\/programa\/2008\/03\/13\/generos-discursivos-mijail-bajtin\/","title":{"rendered":"G\u00e9neros discursivos &#8211; Mijail BAJT\u00cdN"},"content":{"rendered":"<p><strong>UNIDAD 3<br \/>\nTEXTO FUENTE<\/strong> \/ Ir a <a href=\"http:\/\/www.bdp.org.ar\/facultad\/catedras\/comsoc\/redaccion1\/unidades\/2008\/03\/aproximacion_a_una_tipologia_d.php\">Aproximaci\u00f3n a una tipolog\u00eda de textos<\/a><br \/>\n<strong>BAJT\u00cdN, Mijail<\/strong>, G\u00e9neros discursivos, de <em>Est\u00e9tica de la creaci\u00f3n verbal<\/em>, adaptado en Semiolog\u00eda. Cuadernos de lecturas, Coordinador: Roberto Marafioti, Universidad de Buenos Aires, 1994, p\u00e1g. 27.<\/p>\n<p>Las diversas esferas de la actividad humana est\u00e1n todas relacionadas con el uso de la lengua. Por eso, el car\u00e1cter y las formas de su uso son tan multiformes como las esferas de la actividad humana, lo cual, desde luego, en nada contradice la unidad nacional de la lengua.<br \/>\nEl uso de la lengua se lleva a cabo en forma de enunciados (orales y escritos) concretos y singulares que pertenecen a los participantes de una esfera de la praxis humana.<br \/>\nEstos enunciados reflejan las condiciones espec\u00edficas y el objeto de cada una de las esferas no s\u00f3lo por su contenido (tem\u00e1tico) y por su estilo verbal, o sea por la selecci\u00f3n de los recursos l\u00e9xicos, fraseol\u00f3gicos y gramaticales de la lengua, sino, ante todo, por su composici\u00f3n o estructuraci\u00f3n.<br \/>\nLos tres momentos mencionados \u2013 el contenido tem\u00e1tico, el estilo y la composici\u00f3n \u2013 est\u00e1n vinculados indisolublemente en la totalidad del enunciado y se determinan, de un modo semejante, por la especificidad de cada esfera de uso de la lengua elabora sus tipos relativamente estables de enunciados, a los que denominamos g\u00e9neros discursivos.<br \/>\nLa riqueza y diversidad de los g\u00e9neros discursivos es inmensa, porque las posibilidades de la actividad humana son inagotables y porque en cada esfera de la praxis existe todo un repertorio de g\u00e9neros discursivos que se diferencia y crece a medida que se desarrolla y se complica la esfera misma.<br \/>\nAparte hay que poner de relieve una extrema heterogeneidad de los g\u00e9neros discursivos (orales y escritos). Efectivamente, debemos incluir en los g\u00e9neros discursivos tanto las breves r\u00e9plicas de un di\u00e1logo cotidiano (tomando en cuenta el hecho de que es muy grande la diversidad de los tipos de di\u00e1logo cotidiano seg\u00fan el tema, situaci\u00f3n, n\u00famero de participantes) como un relato cotidiano, tanto una carta (en todas sus diferentes formas) como una orden militar, breve y estandarizada; asimismo all\u00ed entrar\u00eda un decreto extenso detallado, al repertorio bastante variado de los oficios burocr\u00e1ticos (formulados generalmente de acuerdo a un est\u00e1ndar), todo un universo de declaraciones p\u00fablicas (en un sentido amplio: las sociales, las pol\u00edticas); pero, adem\u00e1s, tendremos que incluir las m\u00faltiples manifestaciones cient\u00edficas, as\u00ed como los g\u00e9neros literarios (desde un dicho hasta una novela en varios tomos).<br \/>\nHay que prestar atenci\u00f3n a la diferencia, sumamente importante, entre g\u00e9neros discursivos primarios (simples) y secundarios (complejos).<br \/>\nLos g\u00e9neros discursivos secundarios (novelas, dramas, investigaciones cient\u00edficas de toda clase, grandes g\u00e9neros period\u00edsticos) surgen en condiciones de comunicaci\u00f3n cultural m\u00e1s compleja, relativamente m\u00e1s desarrollada y organizada, principalmente escrita: comunicaci\u00f3n art\u00edstica, cient\u00edfica, sociopol\u00edtica, etc.<br \/>\nEn el proceso de su formaci\u00f3n estos g\u00e9neros absorben y reelaboran diversos g\u00e9neros primarios (simples) constituidos en la comunicaci\u00f3n discursiva inmediata.<br \/>\nLos g\u00e9neros primarios que forman parte de los g\u00e9neros complejos se transforman dentro de estos \u00faltimos y adquieren un car\u00e1cter especial: pierden su relaci\u00f3n inmediata con la realidad y con los enunciados reales de otros, por ejemplo, las r\u00e9plicas de un di\u00e1logo cotidiano o las cartas dentro de una novela, conservan su forma y su importancia cotidiana tan s\u00f3lo como parte del contenido de la novela, participan de la realidad tan s\u00f3lo a trav\u00e9s de la totalidad de la novela, es decir, como acontecimiento art\u00edstico y no como suceso de la vida cotidiana.<br \/>\nLa novela en su totalidad es un enunciado, igual que las r\u00e9plicas de un di\u00e1logo cotidiano o una carta particular (todos poseen una naturaleza com\u00fan), pero, a diferencia de \u00e9stas, aquel es un enunciado secundario (complejo).<br \/>\nEntre el estilo y el g\u00e9nero existe un v\u00ednculo org\u00e1nico e indisoluble.<\/p>\n","protected":false},"excerpt":{"rendered":"<p>UNIDAD 3 TEXTO FUENTE \/ Ir a Aproximaci\u00f3n a una tipolog\u00eda de textos BAJT\u00cdN, Mijail, G\u00e9neros discursivos, de Est\u00e9tica de la creaci\u00f3n verbal, adaptado en Semiolog\u00eda. Cuadernos de lecturas, Coordinador: Roberto Marafioti, Universidad de Buenos Aires, 1994, p\u00e1g. 27. Las diversas esferas de la actividad humana est\u00e1n todas relacionadas con el uso de la lengua. [&hellip;]<\/p>\n","protected":false},"author":37,"featured_media":0,"comment_status":"closed","ping_status":"closed","sticky":false,"template":"","format":"standard","meta":{"footnotes":""},"categories":[21],"tags":[],"_links":{"self":[{"href":"https:\/\/redaccion1.fcpolit.unr.edu.ar\/programa\/wp-json\/wp\/v2\/posts\/117"}],"collection":[{"href":"https:\/\/redaccion1.fcpolit.unr.edu.ar\/programa\/wp-json\/wp\/v2\/posts"}],"about":[{"href":"https:\/\/redaccion1.fcpolit.unr.edu.ar\/programa\/wp-json\/wp\/v2\/types\/post"}],"author":[{"embeddable":true,"href":"https:\/\/redaccion1.fcpolit.unr.edu.ar\/programa\/wp-json\/wp\/v2\/users\/37"}],"replies":[{"embeddable":true,"href":"https:\/\/redaccion1.fcpolit.unr.edu.ar\/programa\/wp-json\/wp\/v2\/comments?post=117"}],"version-history":[{"count":0,"href":"https:\/\/redaccion1.fcpolit.unr.edu.ar\/programa\/wp-json\/wp\/v2\/posts\/117\/revisions"}],"wp:attachment":[{"href":"https:\/\/redaccion1.fcpolit.unr.edu.ar\/programa\/wp-json\/wp\/v2\/media?parent=117"}],"wp:term":[{"taxonomy":"category","embeddable":true,"href":"https:\/\/redaccion1.fcpolit.unr.edu.ar\/programa\/wp-json\/wp\/v2\/categories?post=117"},{"taxonomy":"post_tag","embeddable":true,"href":"https:\/\/redaccion1.fcpolit.unr.edu.ar\/programa\/wp-json\/wp\/v2\/tags?post=117"}],"curies":[{"name":"wp","href":"https:\/\/api.w.org\/{rel}","templated":true}]}}