{"id":101,"date":"2008-03-11T11:51:56","date_gmt":"2008-03-11T11:51:56","guid":{"rendered":"http:\/\/fcpolit.unr.edu.ar\/blogs\/programa\/2008\/03\/11\/cigarrillo-manuel-vincent\/"},"modified":"2008-03-11T11:51:56","modified_gmt":"2008-03-11T11:51:56","slug":"cigarrillo-manuel-vincent","status":"publish","type":"post","link":"https:\/\/redaccion1.fcpolit.unr.edu.ar\/programa\/2008\/03\/11\/cigarrillo-manuel-vincent\/","title":{"rendered":"Cigarrillo &#8211; Manuel VICENT"},"content":{"rendered":"<p><img loading=\"lazy\" decoding=\"async\" alt=\"vicent.jpg\" src=\"http:\/\/www.bdp.org.ar\/facultad\/catedras\/comsoc\/redaccion1\/unidades\/vicent.jpg\" width=\"76\" height=\"105\" align=\"left\" hspace=\"15\" \/><br \/>\n<strong>UNIDAD 2<br \/>\nTEXTO COMPLEMENTARIO<\/strong>\/ Ir a Trabajo Pr\u00e1ctico <a href=\"https:\/\/blogs.fcpolit.unr.edu.ar\/programa\/2008\/03\/10\/tareas-de-lector\/\" target=\"_blank\" rel=\"noopener\">Tareas de lector<\/a><br \/>\nUn d\u00eda de abril de 1945, un soldado alem\u00e1n de 18 a\u00f1os, afiliado a las Juventudes Hitlerianas, opt\u00f3 por desertar del ej\u00e9rcito que se bat\u00eda en retirada bajo el fuego sovi\u00e9tico y antes de ser capturado por las tropas norteamericanas anduvo perdido sin saber a qu\u00e9 patria pertenec\u00edan los sucesivos incendios del horizonte. Huyendo de s\u00ed mismo sin destino alguno, sus botas le llevaron hasta un pueblo abandonado en la frontera de Polonia. Durante su larga fuga a trav\u00e9s de campos calcinados, el joven hitleriano no se hab\u00eda encontrado con un solo ser vivo, ni siquiera con un perro, de forma que pudo haber imaginado que era el \u00fanico hombre que quedaba en el mundo despu\u00e9s de la hecatombe. Cuando ca\u00eda la noche y la oscuridad apenas le permit\u00eda vislumbrar la realidad de las cosas, el soldado se sent\u00f3 a descansar en los escombros de una plaza desierta. Ten\u00eda el fusil cargado entre las rodillas y en el macuto llevaba un libro de teolog\u00eda. En el momento en que se dispon\u00eda a fumar el \u00faltimo cigarrillo que le quedaba, vislumbr\u00f3 la sombra de un hombre que emerg\u00eda de los soportales derruidos. El soldado alem\u00e1n se puso en pie, aprest\u00f3 el cerrojo del fusil y apunt\u00f3 al desconocido, que se le acercaba atra\u00eddo por la brasa de su pitillo. Se trataba de un joven polaco, de unos 25 a\u00f1os, que hab\u00eda desertado del trabajo en una cantera de Cracovia para escapar de una redada de los nazis. Hab\u00eda sido actor de un teatro clandestino, su novia hab\u00eda muerto en Auschwitz y tambi\u00e9n sent\u00eda inclinaci\u00f3n por la teolog\u00eda, pero entre ellos ahora no hab\u00eda ning\u00fan Dios que les ahorrara el odio. Los dos pr\u00f3fugos, cada uno de un bando contrario, se situaron frente a frente. El soldado alem\u00e1n ignoraba si aquel individuo ven\u00eda armado y estuvo a punto de dispararle un tiro en el coraz\u00f3n. Si esto hubiera sucedido, ninguno de los dos habr\u00eda llegado a papa. Pudieron haber hablado de Dios, de la maldad humana, del mundo que se hund\u00eda, pero el polaco Wojtyla se limit\u00f3 a preguntar: &#8220;\u00bfTiene un cigarrillo?&#8221;. El soldado Ratzinger le contest\u00f3: &#8220;Lo siento, me estoy fumando el \u00faltimo cigarrillo de la historia&#8221;. No hubo m\u00e1s palabras, porque en el mutuo terror de los ojos descubrieron cu\u00e1nto se tem\u00edan. Wojtyla se fue alejando por encima de los escombros y a veces volv\u00eda el rostro para asegurarse de que Ratzinger no le iba a disparar por la espalda. En Roma, aquel soldado alem\u00e1n, ahora vestido de blanco, acaba de anunciar que va a hacer santo a aquel actor polaco. Atr\u00e1s queda la brasa de aquel \u00faltimo cigarrillo brillando a\u00fan en la noche.<br \/>\n*El autor, espa\u00f1ol, es escritor y periodista<br \/>\nEditado en La Naci\u00f3n Revista el 12 de junio de 2005, secci\u00f3n La otra orilla.<\/p>\n","protected":false},"excerpt":{"rendered":"<p>UNIDAD 2 TEXTO COMPLEMENTARIO\/ Ir a Trabajo Pr\u00e1ctico Tareas de lector Un d\u00eda de abril de 1945, un soldado alem\u00e1n de 18 a\u00f1os, afiliado a las Juventudes Hitlerianas, opt\u00f3 por desertar del ej\u00e9rcito que se bat\u00eda en retirada bajo el fuego sovi\u00e9tico y antes de ser capturado por las tropas norteamericanas anduvo perdido sin saber [&hellip;]<\/p>\n","protected":false},"author":37,"featured_media":0,"comment_status":"closed","ping_status":"closed","sticky":false,"template":"","format":"standard","meta":{"footnotes":""},"categories":[10],"tags":[],"_links":{"self":[{"href":"https:\/\/redaccion1.fcpolit.unr.edu.ar\/programa\/wp-json\/wp\/v2\/posts\/101"}],"collection":[{"href":"https:\/\/redaccion1.fcpolit.unr.edu.ar\/programa\/wp-json\/wp\/v2\/posts"}],"about":[{"href":"https:\/\/redaccion1.fcpolit.unr.edu.ar\/programa\/wp-json\/wp\/v2\/types\/post"}],"author":[{"embeddable":true,"href":"https:\/\/redaccion1.fcpolit.unr.edu.ar\/programa\/wp-json\/wp\/v2\/users\/37"}],"replies":[{"embeddable":true,"href":"https:\/\/redaccion1.fcpolit.unr.edu.ar\/programa\/wp-json\/wp\/v2\/comments?post=101"}],"version-history":[{"count":0,"href":"https:\/\/redaccion1.fcpolit.unr.edu.ar\/programa\/wp-json\/wp\/v2\/posts\/101\/revisions"}],"wp:attachment":[{"href":"https:\/\/redaccion1.fcpolit.unr.edu.ar\/programa\/wp-json\/wp\/v2\/media?parent=101"}],"wp:term":[{"taxonomy":"category","embeddable":true,"href":"https:\/\/redaccion1.fcpolit.unr.edu.ar\/programa\/wp-json\/wp\/v2\/categories?post=101"},{"taxonomy":"post_tag","embeddable":true,"href":"https:\/\/redaccion1.fcpolit.unr.edu.ar\/programa\/wp-json\/wp\/v2\/tags?post=101"}],"curies":[{"name":"wp","href":"https:\/\/api.w.org\/{rel}","templated":true}]}}