{"id":3551,"date":"2026-08-27T20:56:39","date_gmt":"2026-08-27T23:56:39","guid":{"rendered":"https:\/\/redaccion1.fcpolit.unr.edu.ar\/comision-rosales\/?p=3551"},"modified":"2026-08-27T20:56:39","modified_gmt":"2026-08-27T23:56:39","slug":"resumen-de-la-clase-del-miercoles-26-08","status":"publish","type":"post","link":"https:\/\/redaccion1.fcpolit.unr.edu.ar\/comision-rosales\/2026\/08\/27\/resumen-de-la-clase-del-miercoles-26-08\/","title":{"rendered":"Resumen\u00a0de la\u00a0clase\u00a0del\u00a0mi\u00e9rcoles\u00a026\/08\u00a0\u00a0"},"content":{"rendered":"<p><em>Por\u00a0Foc\u00e1\u00a0Paulina y Maradey Emilia.\u00a0<\/em><\/p>\n<p><span data-contrast=\"auto\">\u00a1Buenass! Hoy nos toc\u00f3 a nosotras hacer el resumen de la clase y esperamos que no est\u00e9n desanimados despu\u00e9s de la clase de hoy&#8230; <\/span><span data-ccp-props=\"{}\">\u00a0<\/span><\/p>\n<p><span data-contrast=\"auto\">Felicitaciones a todos los que aprobaron el primer parcial y a los que no, los esperamos la pr\u00f3xima clase para el recuperatorio de 8 a 9.30hs. Y los dem\u00e1s se tienen que sumar de 9.30 a 11hs para tener una charla con estudiantes de a\u00f1os anteriores sobre el trabajo final. \u00a1No olviden traer sus ideas para comenzar a hacer la investigaci\u00f3n period\u00edstica! Deben llevar hechos los puntos uno y dos del trabajo pr\u00e1ctico integrador n\u00famero 4.1 de forma impresa. Ya con todos los anuncios parroquiales hechos, ahora s\u00ed: empezamos con el resumen<\/span><span data-contrast=\"none\">.<\/span><span data-contrast=\"auto\">\u00a0<\/span><span data-ccp-props=\"{}\">\u00a0<\/span><\/p>\n<p><span data-contrast=\"auto\">En la\u00a0clase\u00a0de hoy\u00a0dimos\u00a0por\u00a0finalizada\u00a0la\u00a0unidad\u00a0tres. Marcela\u00a0nos\u00a0trajo\u00a0un\u00a0ejercicio\u00a0de\u00a0hipertexto\u00a0donde\u00a0retomamos\u00a0las\u00a0entrevistas\u00a0sobre<\/span><i><span data-contrast=\"auto\">\u00a0la\u00a0lectura<\/span><\/i><span data-contrast=\"auto\">\u00a0que\u00a0hicimos\u00a0a\u00a0distintas\u00a0personas de la Siberia. Mica, More y Valen\u00a0hicieron\u00a0el\u00a0texto\u00a0base:\u00a0<\/span><a href=\"https:\/\/docs.google.com\/document\/d\/1-ljiOk0xL3zuQdA1ZhTd7u8IO64pRPytXznSYdaobkY\/edit?usp=drive_link\"><span data-contrast=\"none\">\u201cLectores de la Siberia\u201d y <\/span><\/a><span data-contrast=\"auto\">se encargaron de anclar todos los dem\u00e1s textos (o nodos). Una vez terminado le\u00edmos en voz alta todas las producciones e hicimos correcciones entre todos, si todav\u00eda no cambiaste lo que se\u00f1alamos en clase ten\u00e9 en cuenta hacerlo en estos d\u00edas porque \u00a1lo vamos a publicar! <\/span><span data-ccp-props=\"{}\">\u00a0<\/span><\/p>\n<p><span data-contrast=\"auto\">En la \u00faltima parte de la clase la profe nos present\u00f3 el trabajo integrador n\u00famero tres. Hay que entregarlo la semana que viene, pero no te desesperes que si desaprobaste el parcial ten\u00e9s tiempo hasta el jueves.<\/span><span data-ccp-props=\"{}\">\u00a0<\/span><\/p>\n<p><span data-contrast=\"auto\">Esa es toda la info que necesitan para estar al d\u00eda, les deseamos \u00e9xitos en el recuperatorio a los que deban hacerlo. \u00a1\u00a1Nos vemos el mi\u00e9rcoleess!!<\/span><span data-ccp-props=\"{}\">\u00a0<\/span><\/p>\n","protected":false},"excerpt":{"rendered":"<p>Por\u00a0Foc\u00e1\u00a0Paulina y Maradey Emilia.\u00a0 \u00a1Buenass! Hoy nos toc\u00f3 a nosotras hacer el resumen de la clase y esperamos que no est\u00e9n desanimados despu\u00e9s de la clase de hoy&#8230; \u00a0 Felicitaciones a todos los que aprobaron el primer parcial y a los que no, los esperamos la pr\u00f3xima clase para el recuperatorio de 8 a 9.30hs. [&hellip;]<\/p>\n","protected":false},"author":47,"featured_media":0,"comment_status":"closed","ping_status":"open","sticky":false,"template":"","format":"standard","meta":{"footnotes":""},"categories":[28,34],"tags":[],"_links":{"self":[{"href":"https:\/\/redaccion1.fcpolit.unr.edu.ar\/comision-rosales\/wp-json\/wp\/v2\/posts\/3551"}],"collection":[{"href":"https:\/\/redaccion1.fcpolit.unr.edu.ar\/comision-rosales\/wp-json\/wp\/v2\/posts"}],"about":[{"href":"https:\/\/redaccion1.fcpolit.unr.edu.ar\/comision-rosales\/wp-json\/wp\/v2\/types\/post"}],"author":[{"embeddable":true,"href":"https:\/\/redaccion1.fcpolit.unr.edu.ar\/comision-rosales\/wp-json\/wp\/v2\/users\/47"}],"replies":[{"embeddable":true,"href":"https:\/\/redaccion1.fcpolit.unr.edu.ar\/comision-rosales\/wp-json\/wp\/v2\/comments?post=3551"}],"version-history":[{"count":1,"href":"https:\/\/redaccion1.fcpolit.unr.edu.ar\/comision-rosales\/wp-json\/wp\/v2\/posts\/3551\/revisions"}],"predecessor-version":[{"id":3552,"href":"https:\/\/redaccion1.fcpolit.unr.edu.ar\/comision-rosales\/wp-json\/wp\/v2\/posts\/3551\/revisions\/3552"}],"wp:attachment":[{"href":"https:\/\/redaccion1.fcpolit.unr.edu.ar\/comision-rosales\/wp-json\/wp\/v2\/media?parent=3551"}],"wp:term":[{"taxonomy":"category","embeddable":true,"href":"https:\/\/redaccion1.fcpolit.unr.edu.ar\/comision-rosales\/wp-json\/wp\/v2\/categories?post=3551"},{"taxonomy":"post_tag","embeddable":true,"href":"https:\/\/redaccion1.fcpolit.unr.edu.ar\/comision-rosales\/wp-json\/wp\/v2\/tags?post=3551"}],"curies":[{"name":"wp","href":"https:\/\/api.w.org\/{rel}","templated":true}]}}