{"id":3460,"date":"2025-12-06T21:00:55","date_gmt":"2025-12-07T00:00:55","guid":{"rendered":"https:\/\/redaccion1.fcpolit.unr.edu.ar\/comision-rosales\/?p=3460"},"modified":"2025-12-06T21:00:55","modified_gmt":"2025-12-07T00:00:55","slug":"un-oasis-de-la-ciudad","status":"publish","type":"post","link":"https:\/\/redaccion1.fcpolit.unr.edu.ar\/comision-rosales\/2025\/12\/06\/un-oasis-de-la-ciudad\/","title":{"rendered":"Un oasis de la ciudad"},"content":{"rendered":"<p><em>Por Denis Sampablo<\/em><\/p>\n<p>Un espacio de moda y cultura que se va abriendo en identidad y conexi\u00f3n para distintas generaciones. En la esquina de San Mart\u00edn y C\u00f3rdoba, persiste el ruido que solo quien vive en Rosario conoce:- ese ritmo incesante que en muchas ocasiones se percibe como vac\u00edo. Sin embargo, ciertas personas encuentran un desv\u00edo, un corredor que es m\u00e1s que una simple v\u00eda de tr\u00e1nsito para acortar camino: el Pasaje La Naci\u00f3n.<\/p>\n<p>Por el pasaje corre una red de dise\u00f1adores rosarinos unidos por el sue\u00f1o de llevar el nombre de su ciudad con orgullo. Una red de calidez y reciprocidad que atraviesa sus vidrieras, una red que implica la ayuda en momentos de conflictos con talleres e incluso el apoyo indiscutible al momento de abandonar este espacio \u00fanico de dise\u00f1o. Y que al contrario de lo que piensan, no fue descubierta por ellos, se fue dando de una manera espont\u00e1nea, sin intenciones, simplemente por la mera coincidencia que fue formando el a\u00f1o 2020, el a\u00f1o que result\u00f3 ser clave para la conformaci\u00f3n de este espacio de dise\u00f1o que resulto en la propuesta perfecta para combinar el arte y el dise\u00f1o Rosarino.<\/p>\n<p>Lo que define este espacio es la sensaci\u00f3n de que el tiempo se ha roto, generando un ambiente decididamente atemporal. Su impacto no es superficial; la gente que encuentra este pasillo muchas veces lo utilizan para agilizar, pero algunas si se<br \/>\ndetienen a observar.<\/p>\n<p>\u201cMe lo mostr\u00f3 un amigo y ya no puedo dejar de venir cuando estoy cerca\u201d, cuenta German Delmonte, un residente de la ciudad de Totoras, Santa Fe.<\/p>\n<p>\u201cMe gusta tanto el dise\u00f1o que se encuentra en este pasaje que tuve que mudarme a Funes para no comprar m\u00e1s. ANTI POP es la marca que m\u00e1s consumo, yo al igual que mis amigas\u201d, dice con entusiasmo y los ojos llenos de brillo Natalia Santana -una mujer de unos 35 a\u00f1os nacida en Rosario. Los dise\u00f1adores han roto la frontera entre disciplinas, incorporando el lenguaje digital y el dise\u00f1o gr\u00e1fico a la indumentaria.<\/p>\n<p>El Pasaje San Mart\u00edn se posiciona actualmente como un referente de moda h\u00edbrida en la ciudad, donde distintos locales integran influencias art\u00edsticas, musicales y culturales en sus propuestas. Cada tienda construye su propia identidad propia,<br \/>\ninvitando a recorrer un espacio donde la indumentaria expresa la voz din\u00e1mica de la ciudad. Esta hibridez se materializa en colecciones que combinan profesiones como la arquitectura, la m\u00fasica electr\u00f3nica, el tatuaje y el arte contempor\u00e1neo, con la<br \/>\nparticipaci\u00f3n de creadores como Julio Mena, La Cast y Anie Gabilote. A ello se suman influencias de la cultura japonesa y de la identidad local, una mezcla poco frecuente en el \u00e1mbito de la indumentaria, que convierte al pasaje en un verdadero refugio creativo. Una caracter\u00edstica\u00a0 que merece ser se\u00f1alada, merece m\u00e1s atenci\u00f3n, reconocimiento, ser apuntados y darle voz a todos los deseos\u00a0 impuestos dentro de este pasaje.<\/p>\n<p>Dos chicos salen del local de Lucas Aldana, due\u00f1o de Socialisbueno -una de las primeras marcas en posicionarse en esta galer\u00eda- uno con una bolsa y un packaging igual de pintoresco que sus paredes, repletas de cuadros que plasman en ellos este<br \/>\nregistro de lo cotidiano, lo simple y lo art\u00edstico. El amigo junto al chico se lo ve\u00eda m\u00e1s contento que el propio comprador, siguieron caminando y saludaron al dise\u00f1ador de \u201cLacreme\u201d, Franco Perez.<br \/>\n\u201cHermano,\u00a0 \u00bfc\u00f3mo va? \u00bftodo bien?\u201d, se escucha,\u00a0 como si se convirtiera en el elemento esencial de todo paseo rosarino. A la vez esta particularidad se refleja dentro de las tiendas, su esencia, sus nombres, que a la vista parecen que carecen de una carga significativa, pero su origen resulta particular. Es \u201cBicha\u201d en este caso, la marca de Celeste Sanchez una comunicadora social que<br \/>\nutiliza t\u00e9cnicas como\u00a0 el storytelling en sus colecciones.<\/p>\n<p>Celeste\u00a0 encontr\u00f3 en la ropa de su abuela el punto clave de inspiraci\u00f3n\u00a0 para un proyecto profundamente arraigado en lo afectivo:\u00a0 \u201cBICHA\u201d el apodo y la identidad de su abuela. Celeste comenta: \u201cNunca fue conocida por otro nombre\u201d Lo que comenz\u00f3 como un gesto de cari\u00f1o se transform\u00f3 en una marca con identidad propia. En 2020, decidi\u00f3 crear sus primeras prendas de dise\u00f1o . \u201cUna prenda puede generar alegr\u00eda, puede cambiarte el d\u00eda. Me hizo clic que la ropa no es solo material, tambi\u00e9n puede<br \/>\nhacerte sentir m\u00e1s vos\u201d, cuenta.<\/p>\n<p>Esta familiaridad de Bicha se extiende, por una parte integrando a su hermano, Facundo Sanchez, e incluso tambi\u00e9n hacia una colaboraci\u00f3n\u00a0 donde parte del porcentaje de todas esas prendas fueron donados a una organizaci\u00f3n de Buenos Aires llamada Archivo de la Memoria Trans ,una organizaci\u00f3n\u00a0 que vela para sostener y reivindicar la memoria transg\u00e9nero.<\/p>\n<p>No hace falta recorrer tantos metros para que tu retina, ya descansada, se vuelva a iluminar y llenar de colores, porque a pocos metros del local de Cele se encuentran las chicas de VULVAR, Yasmin Sanz y Luisina Addad &#8211; dos amigas unidas por el<br \/>\namor al arte y licenciadas en la carrera bellas artes, ellas logran enmarcar su identidad en un color identificatorio: el rosa.Su local te\u00f1ido de estampas coloreadas con este mismo tono y sus complementarios le permiten destacar en esta galer\u00eda, estampas que fusionan lo argentino &#8211; como su c\u00e1psula \u201cmayo\u201d haciendo referencia al sol de mayo argentino- y le permiten plasmar sus colaboraciones e ideas en ellas.<\/p>\n<p>Si el pasaje rompe el tiempo, los dise\u00f1adores rompen las categor\u00edas, entendiendo que la moda es tanto tela como concepto, tanto t\u00e9cnica ancestral como c\u00f3digo digital. El fast fashion una problem\u00e1tica que las marcas de dise\u00f1o rosarino combaten<br \/>\nactivamente tambi\u00e9n es\u00a0 plasmado en esta galer\u00eda. Franco de \u201cLacreme\u201d incluso lanz\u00f3 una colecci\u00f3n llamada Fashion Funeral; en 2024 para denunciar c\u00f3mo el fast fashion estaba &#8220;matando un poco el mundo de la moda\u201d. Sin embargo, la apuesta<br \/>\npor el consumo local trasciende la mera cr\u00edtica al fen\u00f3meno global. La producci\u00f3n rosarina es reconocida como una fuente de trabajo local, donde el resultado es visible de manera inmediata: al dar trabajo a peque\u00f1os talleres y ver c\u00f3mo los<br \/>\nvecinos, amigos, y gente con la que trabajan mejoran sus talleres y su espacio de trabajo.<\/p>\n<p>Las prendas encontradas en Pasaje la Naci\u00f3n tienen un precio elevado a comparaci\u00f3n de locales vecinos como lo son \u201cPola Nola\u201d u \u201cOthilia\u201d; marcas que manejan precios surrealistas &#8211; desde 4mil pesos una remera- donde la ropa se vuele<br \/>\ndescartable luego de unos tres usos. La diferencia que enmarcan unos 35 mil pesos entre una prenda de calidad local y estas marcas de \u201cfast fashion\u201d, no es solo tela, es atenci\u00f3n, durabilidad, y levantar las banderas de la ciudad de una forma impl\u00edcita,<br \/>\ntal y como lo cita Agostina Castellani, due\u00f1a y dise\u00f1adora de ANTI POP.<\/p>\n<p>Los alquileres dentro del pasaje comienzan desde los 200mil pesos, y a pesar de la realidad del pa\u00eds los dise\u00f1adores deciden invertir puntualmente en esta galer\u00eda.Haciendo lo posible para no dejar este tan particular lugar que nos propone<br \/>\nla ciudad.<\/p>\n<p>En este nicho de dise\u00f1o, la valoraci\u00f3n no se mide solo en t\u00e9rminos de precio, sino en el concepto y la identidad. Los dise\u00f1adores entienden que est\u00e1n ofreciendo &#8220;otra cosa\u201d. Lucas Aldana de Socialisbueno lo resume en una postura clara: &#8220;Nosotros<br \/>\nvendemos efecto, otro precio, pero tambi\u00e9n es otro concepto\u201d.<\/p>\n<p>Y si bien este esfuerzo es entendido por la comunidad &#8211; ya que en Rosario existe mucha conciencia del dise\u00f1o local- no encuadra a toda la ciudad, sigue habiendo gente que prefiere consumir fast fashion por una cuesti\u00f3n netamente de costos, pero que a pesar de valorar el dise\u00f1o en la ciudad no lo consume.<\/p>\n<p>\u201cEn Rosario hay dise\u00f1o, pero tambi\u00e9n hay convicci\u00f3n. Hay que militar este tipo de proyectos, sostenerlos, acompa\u00f1arnos. No es f\u00e1cil, pero vale la pena\u201d, asegura Celeste.<\/p>\n","protected":false},"excerpt":{"rendered":"<p>Por Denis Sampablo Un espacio de moda y cultura que se va abriendo en identidad y conexi\u00f3n para distintas generaciones. En la esquina de San Mart\u00edn y C\u00f3rdoba, persiste el ruido que solo quien vive en Rosario conoce:- ese ritmo incesante que en muchas ocasiones se percibe como vac\u00edo. Sin embargo, ciertas personas encuentran un [&hellip;]<\/p>\n","protected":false},"author":47,"featured_media":0,"comment_status":"closed","ping_status":"open","sticky":false,"template":"","format":"standard","meta":{"footnotes":""},"categories":[36],"tags":[],"_links":{"self":[{"href":"https:\/\/redaccion1.fcpolit.unr.edu.ar\/comision-rosales\/wp-json\/wp\/v2\/posts\/3460"}],"collection":[{"href":"https:\/\/redaccion1.fcpolit.unr.edu.ar\/comision-rosales\/wp-json\/wp\/v2\/posts"}],"about":[{"href":"https:\/\/redaccion1.fcpolit.unr.edu.ar\/comision-rosales\/wp-json\/wp\/v2\/types\/post"}],"author":[{"embeddable":true,"href":"https:\/\/redaccion1.fcpolit.unr.edu.ar\/comision-rosales\/wp-json\/wp\/v2\/users\/47"}],"replies":[{"embeddable":true,"href":"https:\/\/redaccion1.fcpolit.unr.edu.ar\/comision-rosales\/wp-json\/wp\/v2\/comments?post=3460"}],"version-history":[{"count":1,"href":"https:\/\/redaccion1.fcpolit.unr.edu.ar\/comision-rosales\/wp-json\/wp\/v2\/posts\/3460\/revisions"}],"predecessor-version":[{"id":3461,"href":"https:\/\/redaccion1.fcpolit.unr.edu.ar\/comision-rosales\/wp-json\/wp\/v2\/posts\/3460\/revisions\/3461"}],"wp:attachment":[{"href":"https:\/\/redaccion1.fcpolit.unr.edu.ar\/comision-rosales\/wp-json\/wp\/v2\/media?parent=3460"}],"wp:term":[{"taxonomy":"category","embeddable":true,"href":"https:\/\/redaccion1.fcpolit.unr.edu.ar\/comision-rosales\/wp-json\/wp\/v2\/categories?post=3460"},{"taxonomy":"post_tag","embeddable":true,"href":"https:\/\/redaccion1.fcpolit.unr.edu.ar\/comision-rosales\/wp-json\/wp\/v2\/tags?post=3460"}],"curies":[{"name":"wp","href":"https:\/\/api.w.org\/{rel}","templated":true}]}}