{"id":3259,"date":"2024-05-09T13:56:01","date_gmt":"2024-05-09T16:56:01","guid":{"rendered":"https:\/\/redaccion1.fcpolit.unr.edu.ar\/comision-rosales\/?p=3259"},"modified":"2024-05-09T13:56:01","modified_gmt":"2024-05-09T16:56:01","slug":"resumen-de-la-cuarta-clase-8-de-mayo","status":"publish","type":"post","link":"https:\/\/redaccion1.fcpolit.unr.edu.ar\/comision-rosales\/2024\/05\/09\/resumen-de-la-cuarta-clase-8-de-mayo\/","title":{"rendered":"Resumen de la cuarta clase: 8 de mayo"},"content":{"rendered":"<p class=\"p1\"><em>Por Higinia Galli* <\/em><\/p>\n<p class=\"p1\"><img loading=\"lazy\" decoding=\"async\" class=\"size-medium wp-image-3260 alignright\" src=\"http:\/\/redaccion1.fcpolit.unr.edu.ar\/comision-rosales\/wp-content\/uploads\/sites\/4\/2024\/05\/Imagenpararesumen8demayoGalli-225x300.jpeg\" alt=\"\" width=\"225\" height=\"300\" srcset=\"https:\/\/redaccion1.fcpolit.unr.edu.ar\/comision-rosales\/wp-content\/uploads\/sites\/4\/2024\/05\/Imagenpararesumen8demayoGalli-225x300.jpeg 225w, https:\/\/redaccion1.fcpolit.unr.edu.ar\/comision-rosales\/wp-content\/uploads\/sites\/4\/2024\/05\/Imagenpararesumen8demayoGalli-768x1024.jpeg 768w, https:\/\/redaccion1.fcpolit.unr.edu.ar\/comision-rosales\/wp-content\/uploads\/sites\/4\/2024\/05\/Imagenpararesumen8demayoGalli.jpeg 960w\" sizes=\"(max-width: 225px) 100vw, 225px\" \/>Un mi\u00e9rcoles distinto en la clase de Redacci\u00f3n, pero con el mismo inter\u00e9s de aprender y adquirir nuevos conocimientos de escritura.<\/p>\n<p class=\"p1\">La clase comenz\u00f3 con un poco de m\u00fasica para emprender la ma\u00f1ana con energ\u00eda y luego Marce tom\u00f3 asistencia.<\/p>\n<p class=\"p1\">Comenzamos a dialogar sobre el Trabajo Pr\u00e1ctico 2: &#8220;Actos de habla en el acto universitario&#8221;: repasamos y profundizamos el significado de los actos de habla. A trav\u00e9s del an\u00e1lisis del documento de Piera Fern\u00e1ndez, pudimos problematizar ciertas correcciones mientras debat\u00edamos pensamientos, opiniones, para as\u00ed, mejorar nuestras pr\u00f3ximas elaboraciones de textos.<\/p>\n<p class=\"p1\">Marcela nos ayud\u00f3 a reconocer la importancia de la planificaci\u00f3n de un texto, en cuanto a las ideas a agregar, actos de habla a utilizar para generar un impacto, micro actos que se deben considerar en el encadenamiento discursivo, y de esta forma llegar a obtener textos con secuencias que sean estrat\u00e9gicos para lograr el prop\u00f3sito del texto. Luego, identificamos con ayuda de la profesora las diferencias principales entre textos informativos y de opini\u00f3n, para evacuar dudas y confusiones.<\/p>\n<p class=\"p1\">Compartimos los textos de Mar de Fontcuberta y Pepe Rodr\u00edguez y aclaramos el significado de lo que es una Fuente de informaci\u00f3n. Marce nos explic\u00f3 distintos criterios que existen para clasificarlas, con ejemplos interesantes y enriquecedores. Adem\u00e1s, enfatiz\u00f3 la importancia de recurrir a fuentes adecuadas para la obtenci\u00f3n de textos nutridos : buscar las mejores fuentes a las que podamos investigar y concurrir para su elaboraci\u00f3n. Y saber cultivarlas.<\/p>\n<p class=\"p1\">Hablando de fuentes, ingresamos por primera vez al ADM (Aula de Medios) e investigamos de qu\u00e9 trataba el caso de Watergate, en particular en lo relacionado al acceso y a la protecci\u00f3n de las fuentes. En ese sentido, nos acercamos al caso de Mark Felt,\u00a0 Garganta Profunda del Watergate.<\/p>\n<p class=\"p1\">Cuando terminamos de investigar los t\u00f3picos mencionados, entramos a una videollamada en la plataforma Meet para observar mejor en pantalla ejemplos de fuentes (trabajamos con\u00a0 <a href=\"https:\/\/chequeado.com\/investigaciones\/el-impacto-ambiental-y-social-del-transporte-de-granos-la-otra-cara-de-la-cosecha-en-los-puertos-del-gran-rosario\/\"><span class=\"s1\">https:\/\/chequeado.com\/investigaciones\/el-impacto-ambiental-y-social-del-transporte-de-granos-la-otra-cara-de-la-cosecha-en-los-puertos-del-gran-rosario\/) <\/span><\/a>as\u00ed como el texto de una compa\u00f1era, en el que nos pudimos reconocer en aciertos y errores que en general aparecen en la experiencia del trabajo dos.<\/p>\n<p class=\"p1\">Finalmente, el compromiso que tenemos para la semana pr\u00f3xima es:<\/p>\n<blockquote>\n<ul>\n<li class=\"p1\">Leer el pr\u00f3logo y el primer cap\u00edtulo de \u201cOperaci\u00f3n Masacre\u201d.<\/li>\n<li class=\"p1\">Realizar las consignas 1 y 2 del <a href=\"https:\/\/redaccion1.fcpolit.unr.edu.ar\/programa\/category\/programa-2022\/u1\/tp1\/\">Trabajo Pr\u00e1ctico Integrador 1: \u201cPlanificar y redactar\u201d<\/a>, para revisar en clase.<\/li>\n<li>Entrar a <a href=\"https:\/\/redaccion1.fcpolit.unr.edu.ar\/programa\/2020\/03\/09\/redactar-para-el-lector\/\">la Unidad 2<\/a>, el pr\u00f3ximo segmento que estudiaremos, para conocer el proceso que lleva a cabo cualquier escritor para acercarse y comprender los discursos escritos, y c\u00f3mo es y qu\u00e9 tareas pone en marcha el lectorado para interesarse, leer, comprender un texto.<em>En ese sentido, estudiaremos con Daniel Cassany la <b>producci\u00f3n de sentido que se materializa en el proceso de leer<\/b>. En su libro\u00a0<a href=\"https:\/\/drive.google.com\/file\/d\/1w-Ai8nouvktOkZXyoFj18sWiMjDx0QcL\/view?usp=sharing\" target=\"_blank\" rel=\"noopener\">\u201cTras las l\u00edneas. Sobre la lectura contempor\u00e1nea\u201d<\/a>\u00a0(2006), el cap\u00edtulo Leer desde la comunidad\u201d realiza una muy interesante respuesta a \u00a0\u201c\u00bfQu\u00e9 es leer?\u201d. Adem\u00e1s estudiaremos\u00a0<a href=\"https:\/\/drive.google.com\/file\/d\/1TexRMThPbtmXkkk8sY6gNpI5ly56NFi1\/view?usp=sharing\" target=\"_blank\" rel=\"noopener\">\u201cEl proceso de lectura, una actividad con facetas diversas\u201d<\/a>, sobre el que Claudia Mazza escribi\u00f3 en \u201cManual de lecturas y escritura universitarias\u201d (2005).<\/em>\n<p><em><span id=\"more-1540\"><\/span>Como ya venimos observando,\u00a0<b>las pr\u00e1cticas de lectura han ido transform\u00e1ndose a lo largo de la historia.\u00a0<\/b>Las condiciones culturales, tecnol\u00f3gicas y sociales fueron habilitando muy particulares modos de leer y diferentes tipos de textos. Por eso, haremos un recorrido por esas transformaciones, a trav\u00e9s de\u00a0<a href=\"https:\/\/drive.google.com\/file\/d\/1hh4EvvD5Wl6-4Qa5GKg2qBy6xuHyUy1J\/view?usp=sharing\" target=\"_blank\" rel=\"noopener\">La influencia de los soportes textuales en las pr\u00e1cticas de lectura: un recorrido por la historia de los textos escritos, una ficha de la c\u00e1tedra de Redacci\u00f3n 1<\/a>, elaborada por la profesora Cecilia Reviglio.<\/em><\/p>\n<p><em>Llegados a este punto, considerando que en el entorno digital que habitamos \u201cla lectura desborda los soportes y los lugares donde ven\u00eda ocurriendo\u201d, nos preguntamos con Garc\u00eda Canclini en \u201cHacia una antropolog\u00eda de los lectores\u201d (2018),\u00a0<a href=\"https:\/\/drive.google.com\/file\/d\/1qL1x23c1ntV9NOIXGO2t9z6TtJNq8X-I\/view?usp=sharing\">\u201centonces, qu\u00e9 es leer\u201d.\u00a0<\/a><\/em><\/li>\n<\/ul>\n<\/blockquote>\n<p class=\"p2\"><em>*Estudiante de Comunicaci\u00f3n Social. Universidad Nacional de Rosario.<\/em><\/p>\n","protected":false},"excerpt":{"rendered":"<p>Por Higinia Galli* Un mi\u00e9rcoles distinto en la clase de Redacci\u00f3n, pero con el mismo inter\u00e9s de aprender y adquirir nuevos conocimientos de escritura. La clase comenz\u00f3 con un poco de m\u00fasica para emprender la ma\u00f1ana con energ\u00eda y luego Marce tom\u00f3 asistencia. Comenzamos a dialogar sobre el Trabajo Pr\u00e1ctico 2: &#8220;Actos de habla en [&hellip;]<\/p>\n","protected":false},"author":47,"featured_media":0,"comment_status":"closed","ping_status":"open","sticky":false,"template":"","format":"standard","meta":{"footnotes":""},"categories":[6],"tags":[],"_links":{"self":[{"href":"https:\/\/redaccion1.fcpolit.unr.edu.ar\/comision-rosales\/wp-json\/wp\/v2\/posts\/3259"}],"collection":[{"href":"https:\/\/redaccion1.fcpolit.unr.edu.ar\/comision-rosales\/wp-json\/wp\/v2\/posts"}],"about":[{"href":"https:\/\/redaccion1.fcpolit.unr.edu.ar\/comision-rosales\/wp-json\/wp\/v2\/types\/post"}],"author":[{"embeddable":true,"href":"https:\/\/redaccion1.fcpolit.unr.edu.ar\/comision-rosales\/wp-json\/wp\/v2\/users\/47"}],"replies":[{"embeddable":true,"href":"https:\/\/redaccion1.fcpolit.unr.edu.ar\/comision-rosales\/wp-json\/wp\/v2\/comments?post=3259"}],"version-history":[{"count":1,"href":"https:\/\/redaccion1.fcpolit.unr.edu.ar\/comision-rosales\/wp-json\/wp\/v2\/posts\/3259\/revisions"}],"predecessor-version":[{"id":3261,"href":"https:\/\/redaccion1.fcpolit.unr.edu.ar\/comision-rosales\/wp-json\/wp\/v2\/posts\/3259\/revisions\/3261"}],"wp:attachment":[{"href":"https:\/\/redaccion1.fcpolit.unr.edu.ar\/comision-rosales\/wp-json\/wp\/v2\/media?parent=3259"}],"wp:term":[{"taxonomy":"category","embeddable":true,"href":"https:\/\/redaccion1.fcpolit.unr.edu.ar\/comision-rosales\/wp-json\/wp\/v2\/categories?post=3259"},{"taxonomy":"post_tag","embeddable":true,"href":"https:\/\/redaccion1.fcpolit.unr.edu.ar\/comision-rosales\/wp-json\/wp\/v2\/tags?post=3259"}],"curies":[{"name":"wp","href":"https:\/\/api.w.org\/{rel}","templated":true}]}}