{"id":2810,"date":"2023-12-05T11:32:29","date_gmt":"2023-12-05T11:32:29","guid":{"rendered":"https:\/\/blogs.fcpolit.unr.edu.ar\/redaccion1-rosales\/?p=2810"},"modified":"2024-03-29T07:49:25","modified_gmt":"2024-03-29T10:49:25","slug":"los-suenos-de-la-sexta","status":"publish","type":"post","link":"https:\/\/redaccion1.fcpolit.unr.edu.ar\/comision-rosales\/2023\/12\/05\/los-suenos-de-la-sexta\/","title":{"rendered":"Los sue\u00f1os de la sexta"},"content":{"rendered":"<p class=\"p1\"><b>5 de diciembre de 2023 | Rosario | Camila Acu\u00f1a<\/b><\/p>\n<p class=\"p2\"><i>Las infancias del barrio de Rep\u00fablica de la Sexta ya no solo transitan por la Facultad de Psicolog\u00eda de la UNR para mendigar, sino que ahora tienen un espacio dedicado a ellos dentro de la facultad.<\/i><\/p>\n<p class=\"p4\">Una sala con paredes revestidas de ilustraciones, llenas de colores. En el centro hay una mesa blanca y rectangular de metal que, de lunes a viernes, forma parte esencial del ritual de merendar. Ni\u00f1os del barrio de la Sexta que ya no solo entran a la facultad a mendigar, sino que ahora tienen un espacio en el que pueden comer, jugar, leer y dibujar.<\/p>\n<p class=\"p4\">Despu\u00e9s del mediod\u00eda, al salir de la primaria, van a sus casas para dejar sus mochilas e ir a la Facultad de Psicolog\u00eda, ah\u00ed, a la vuelta de la esquina. La mayor\u00eda de los d\u00edas son diez los ni\u00f1os que atraviesan las puertas de cristal de la entrada principal. Son diez los que caminan sobre los cer\u00e1micos color crema que visten el piso del hall de la facultad. Se cruzan con estudiantes, profesores o militantes de agrupaciones pol\u00edticas. Dan 83 pasos por el pasillo de ingreso de la facultad, delimitado por las 14 columnas en las que cuelgan carteles con horarios, actividades semanales y propuestas de campa\u00f1as pol\u00edticas de las distintas agrupaciones.<\/p>\n<p class=\"p4\">Sin equivocarse el camino, llegan al pabell\u00f3n seis, donde se encuentra su espacio.<\/p>\n<p class=\"p4\">Ellos lo bautizaron como<b> &#8220;Los sue\u00f1os de la Sexta&#8221;<\/b> a mediados del 2019, cuando Jorge Molina, un dibujante de la ciudad de Rosario, comenz\u00f3 a ilustrar las paredes que hasta entonces eran lisas. El nombre hace referencia a un libro que forma parte de los pilares de la Psicolog\u00eda: <span class=\"s1\">\u201c<\/span>La interpretaci\u00f3n de los sue\u00f1os\u201d.<\/p>\n<p class=\"p4\">\u2013Ese es un libro escrito por Freud, \u00bfo no? \u2013pregunta una chica.<\/p>\n<p class=\"p4\">\u2013Ese que vos dijiste es un viejo loco que a los psic\u00f3logos les hacen estudiar ac\u00e1 \u2013comenta un ni\u00f1o.<\/p>\n<p class=\"p4\">Aunque \u201cLos sue\u00f1os de la sexta\u201d nace con la gesti\u00f3n de la decana Soledad Cottone en 2019, este espacio tiene una historia previa.<\/p>\n<p><!--more--><\/p>\n<p class=\"p4\">Los programas de extensi\u00f3n universitaria de la Facultad de Psicolog\u00eda para dar respuesta a la situaci\u00f3n de estos ni\u00f1os que iban de sal\u00f3n en sal\u00f3n pidiendo dinero para llevar a sus hogares comenzaron seis a\u00f1os antes, a mediados de 2013.<\/p>\n<p class=\"p4\">Bajo el nombre de \u201cSeguridad Comunitaria\u201d se inaugur\u00f3 el primer programa de una <a href=\"https:\/\/docs.google.com\/document\/d\/14Ucx7CviXYObjMHqR6eMqwP73fq1d6x1j1AICKBzVEM\/edit\"><span class=\"s2\"><b>Facultad<\/b><\/span><\/a> de la UNR que abri\u00f3 sus puertas a los ni\u00f1os del barrio. Este proyecto contaba con dos cuidadores que ten\u00edan grandes trayectorias en el trabajo comunitario. Ellos fueron los primeros en crear referencias con estos ni\u00f1os que jugaban en los balcones de la Facultad sin cuidado alguno.<\/p>\n<p class=\"p4\">Pero tan solo dos a\u00f1os m\u00e1s tarde, en 2015, con una nueva gesti\u00f3n, este proyecto llegar\u00eda a su fin para armar un segundo programa de extensi\u00f3n al que llamaron \u201cProyecto Puente\u201d. A diferencia de \u201cSeguridad Comunitaria\u201d, \u00e9ste trabaj\u00f3 por fuera de la facultad, dentro del barrio de la Sexta con un psic\u00f3logo social a cargo. Sin embargo, los ni\u00f1os segu\u00edan deambulando por la Facultad sin ning\u00fan cuidado, haciendo que este proyecto solamente durara cuatro a\u00f1os.<\/p>\n<p class=\"p4\">Fue a principios de 2019 que se cre\u00f3 un tercer programa, una vez m\u00e1s, dentro de la Facultad. Ah\u00ed naci\u00f3 &#8220;Los sue\u00f1os de la Sexta&#8221;, un nombre elegido en una asamblea realizada con los ni\u00f1os de la Sexta para que le dieran un nombre a su nuevo espacio. Pero el nombre que est\u00e1 graffiteado en color amarillo, naranja y celeste en la entrada del espacio va mucho m\u00e1s all\u00e1 de una simple referencia. Para Julieta Lacour, la directora del espacio y fundadora de este proyecto \u00fanico en su tipo dentro de las doce Facultades de la UNR, los sue\u00f1os son una parte crucial a la hora de definir el lugar, de conocer su finalidad y entender por qu\u00e9 los ni\u00f1os asisten al espacio.<\/p>\n<p class=\"p4\">\u201c\u00bfCu\u00e1les son tus sue\u00f1os?\u201d, pregunta en may\u00fasculas el afiche blanco colgado en una de las paredes de la sala, que roba la atenci\u00f3n de cualquier persona al transitar el espacio. Ya sea por las respuestas en s\u00ed o por la manera irregular y despreocupada en que fue escrita la pregunta en letra doble.<\/p>\n<p class=\"p4\"><span class=\"s1\">\u201c<\/span>Mi deseo es conocer a Messi\u201d, escribi\u00f3 Miguel. <span class=\"s1\">\u201c<\/span>Mi sue\u00f1o es tener una casa para mi familia\u201d, redact\u00f3 \u201cPipo\u201d. <span class=\"s1\">\u201c<\/span>Comer \u00f1oquis con salsa de salchichas y con queso rallado encima\u201d, anot\u00f3 Delia. Son muchas, pero sobre todo son variadas las respuestas que ellos le dieron a esa pregunta. Son muchos los sue\u00f1os que tienen, as\u00ed como lo son las razones que los mantienen all\u00ed.<\/p>\n<p class=\"p4\">Su principal motivo para ir a la universidad es conseguir algo de plata para llevar a casa. Pero al igual que <a href=\"https:\/\/docs.google.com\/document\/d\/1Qm7aixrTAP5yDztayBWbinEIbXrSPA3JL6JPtNCajH8\/edit\"><span class=\"s2\"><b>David Magall\u00e1n<\/b><\/span><\/a>, un joven artista del barrio que transita la facultad desde ni\u00f1o y que hoy en d\u00eda da su taller de rap en el mismo lugar al que tiempo atr\u00e1s solo asist\u00eda para conseguir <span class=\"s1\">\u201c<\/span>un peso\u201d, van porque es lugar al que recurren para sentirse bien. Dentro de la universidad se sienten acompa\u00f1ados, a diferencia del barrio, en el que el desamparo es total.<\/p>\n<p class=\"p4\">Para Paula Sagu\u00e9, la secretaria del \u00e1rea de Extensi\u00f3n de la Facultad, la demanda no es \u00fanicamente econ\u00f3mica sino que tambi\u00e9n es vincular. Porque no es que pasan, &#8220;hacen el peso&#8221; y se van. Los ni\u00f1os se quedan.<\/p>\n<p class=\"p4\">Delia, una chica con la cabellera llena de tirabuzones negros azabache, se queda los martes porque cerca de las cuatro de la tarde asiste al taller de letras, donde se encuentra con Morena Baena, una estudiante de cuarto a\u00f1o de la carrera de psicolog\u00eda. Al entrar en la sala del espacio ambas toman una silla blanca de metal y se sientan una al lado de la otra, alrededor de la mesa principal.<\/p>\n<p class=\"p4\">Toman una revista del peque\u00f1o mueble rojo, ubicado en una de las esquinas de la sala que resalta por la frase escrita en \u00e9l del mismo color del oc\u00e9ano: <span class=\"s1\">\u201c<\/span>Me armo de libros y me libro de armas\u201d. Delia elige una palabra y comienzan a jugar al ahorcado.<\/p>\n<p class=\"p4\">A trav\u00e9s de este juego Morena busca que Delia pueda reconocer y recordar las letras del abecedario, para luego poder comenzar a leer.<\/p>\n<p class=\"p4\">Luca, un ni\u00f1o de rostro pecoso y poca altura, y Tiago, de ojos almendrados color caf\u00e9, se quedan los mi\u00e9rcoles porque a eso de las tres se juntan a rapear y practicar <span class=\"s1\">\u201c<\/span>El rap de la facultad\u201d con David, una canci\u00f3n que escribieron en el taller de hip hop y freestyle.<\/p>\n<p class=\"p4\">Al ritmo de la base musical que se reproduce de un peque\u00f1o parlante negro, sentados en el patio que est\u00e1 frente al espacio, entonan:<\/p>\n<p class=\"p4\"><span class=\"s1\">\u201c<\/span>Estamos en la facultad, sabemos rapear<\/p>\n<p class=\"p4\">Aprendimos a escribir sucio pero original.<\/p>\n<p class=\"p4\">En la calle hay asesinato, van y vienen sin contrato, pero hay maltrato&#8221;.<\/p>\n<p class=\"p4\">Y sin importar el d\u00eda de la semana, ellos se quedan a merendar. Alrededor de las cuatro y media de la tarde se re\u00fanen en la mesa central con Sergio Fern\u00e1ndez, mejor conocido como <span class=\"s1\">\u201c<\/span>Var\u00f3n\u201d, y con Malena Roz\u00edn, a quien simplemente llaman <span class=\"s1\">\u201c<\/span>Male\u201d.<\/p>\n<p class=\"p4\">\u2013\u00bfQuieren chocolatada o caf\u00e9 con leche? \u2013pregunta Male.<\/p>\n<p class=\"p4\">Algunos responden chocolatada, pero la mayor\u00eda siempre opta por caf\u00e9. Malena toma las tazas blancas que est\u00e1n en un mueble de madera barnizado en un tono claro y unas cucharas de metal que tambi\u00e9n se encuentran all\u00ed. Les prepara a cada uno la bebida que pidieron y las sirve en la mesa principal.<\/p>\n<p class=\"p4\">-\u00bfCon galletitas dulces o saladas? \u2013pregunta Malena.<\/p>\n<p class=\"p4\">La respuesta siempre es galletitas dulces.<\/p>\n<p class=\"p4\">Malena se uni\u00f3 a principios de este a\u00f1o como acompa\u00f1ante en el espacio. Es percusionista, por lo que alguna que otra vez se ha puesto a tocar alguna canci\u00f3n con los chicos. <span class=\"s1\">\u201c<\/span>Var\u00f3n\u201d est\u00e1 desde los inicios de los programas de extensi\u00f3n universitaria siendo uno de los dos cuidadores de \u201cSeguridad Comunitaria\u201d y, al igual que <span class=\"s1\">\u201c<\/span>Male\u201d, es m\u00fasico. Ambos esperan en el espacio, desde el mediod\u00eda hasta el final de la tarde, a que los ni\u00f1os lleguen. Juegan con ellos y les preguntan c\u00f3mo est\u00e1n. Se ocupan de saber c\u00f3mo vienen con la escuela o c\u00f3mo se encuentra su familia.<\/p>\n<p class=\"p4\">Saben que si se presenta alg\u00fan problema como la falta de alguna documentaci\u00f3n como DNI, dificultades para cobrar en Anses, cuestiones socioeducativas como conseguir un pase para transferir de escuela a alg\u00fan ni\u00f1o o de salud como turnos de vacunaci\u00f3n o estudios m\u00e9dicos, pueden tratar de resolverlo con Bruno Valiente, el representante del <span class=\"s1\">\u201c<\/span>CePla\u201d: un equipo de co-gesti\u00f3n con la Facultad que se ocupa de facilitar el acceso a los derechos de la gente del barrio. O tambi\u00e9n, abordar el problema en la mesa barrial, en la que participan todas las instituciones del barrio de Rep\u00fablica de la Sexta para resolver todo tipo de problem\u00e1ticas.<\/p>\n<p class=\"p4\"><b>&#8220;Los sue\u00f1os de la Sexta&#8221;<\/b> no solo es un espacio donde pueden comer, charlar o jugar. Es el sitio donde realizan una serie de rituales para celebrar la vida. Porque cuando el espacio inici\u00f3, la mayor\u00eda no sab\u00eda ni su fecha de nacimiento, ni qu\u00e9 edad ten\u00edan. En un afiche celeste que cuelga de una de las paredes de la sala anotan sus fechas de cumplea\u00f1os, para as\u00ed el \u00faltimo viernes de cada mes poder reunirse en la mesa principal para cantarle el feliz cumplea\u00f1os a los cumplea\u00f1eros de ese mes y soplar las velitas de la torta todos juntos.<\/p>\n<p class=\"p4\">&#8220;Los sue\u00f1os&#8221; acompa\u00f1a a estos ni\u00f1os que son los mismos que la noche anterior se juntan en el barrio a ver la mancha de sangre que el cuerpo de un conocido, un amigo o familiar ha dejado como sucedi\u00f3 con Tiago, un chico tez morena y ojos color chocolate, que una noche de finales de septiembre fue a ver el rastro de sangre que el cuerpo de su amigo hab\u00eda dejado tras haber muerto por dos disparos. Su amigo ya no lo acompa\u00f1ar\u00eda a la facultad a pedir o jugar.<\/p>\n<p class=\"p4\">Es un lugar que forma parte de su identidad y que hizo que dejaran de ser extra\u00f1os dentro de la universidad. La misma a la que antes entraban solo a mendigar.<\/p>\n<p class=\"p4\">Es en &#8220;Los sue\u00f1os de la Sexta&#8221; donde los ni\u00f1os sue\u00f1an. Son los sue\u00f1os de los ni\u00f1os de la Sexta los que el espacio alberga.<\/p>\n","protected":false},"excerpt":{"rendered":"<p>5 de diciembre de 2023 | Rosario | Camila Acu\u00f1a Las infancias del barrio de Rep\u00fablica de la Sexta ya no solo transitan por la Facultad de Psicolog\u00eda de la UNR para mendigar, sino que ahora tienen un espacio dedicado a ellos dentro de la facultad. Una sala con paredes revestidas de ilustraciones, llenas de [&hellip;]<\/p>\n","protected":false},"author":9,"featured_media":0,"comment_status":"open","ping_status":"open","sticky":false,"template":"","format":"standard","meta":{"footnotes":""},"categories":[36],"tags":[],"_links":{"self":[{"href":"https:\/\/redaccion1.fcpolit.unr.edu.ar\/comision-rosales\/wp-json\/wp\/v2\/posts\/2810"}],"collection":[{"href":"https:\/\/redaccion1.fcpolit.unr.edu.ar\/comision-rosales\/wp-json\/wp\/v2\/posts"}],"about":[{"href":"https:\/\/redaccion1.fcpolit.unr.edu.ar\/comision-rosales\/wp-json\/wp\/v2\/types\/post"}],"author":[{"embeddable":true,"href":"https:\/\/redaccion1.fcpolit.unr.edu.ar\/comision-rosales\/wp-json\/wp\/v2\/users\/9"}],"replies":[{"embeddable":true,"href":"https:\/\/redaccion1.fcpolit.unr.edu.ar\/comision-rosales\/wp-json\/wp\/v2\/comments?post=2810"}],"version-history":[{"count":1,"href":"https:\/\/redaccion1.fcpolit.unr.edu.ar\/comision-rosales\/wp-json\/wp\/v2\/posts\/2810\/revisions"}],"predecessor-version":[{"id":3048,"href":"https:\/\/redaccion1.fcpolit.unr.edu.ar\/comision-rosales\/wp-json\/wp\/v2\/posts\/2810\/revisions\/3048"}],"wp:attachment":[{"href":"https:\/\/redaccion1.fcpolit.unr.edu.ar\/comision-rosales\/wp-json\/wp\/v2\/media?parent=2810"}],"wp:term":[{"taxonomy":"category","embeddable":true,"href":"https:\/\/redaccion1.fcpolit.unr.edu.ar\/comision-rosales\/wp-json\/wp\/v2\/categories?post=2810"},{"taxonomy":"post_tag","embeddable":true,"href":"https:\/\/redaccion1.fcpolit.unr.edu.ar\/comision-rosales\/wp-json\/wp\/v2\/tags?post=2810"}],"curies":[{"name":"wp","href":"https:\/\/api.w.org\/{rel}","templated":true}]}}