{"id":2729,"date":"2023-07-03T12:36:33","date_gmt":"2023-07-03T12:36:33","guid":{"rendered":"https:\/\/blogs.fcpolit.unr.edu.ar\/redaccion1-rosales\/?p=2729"},"modified":"2024-03-29T08:34:31","modified_gmt":"2024-03-29T11:34:31","slug":"resumen-de-la-decima-clase-viernes-30-de-junio","status":"publish","type":"post","link":"https:\/\/redaccion1.fcpolit.unr.edu.ar\/comision-rosales\/2023\/07\/03\/resumen-de-la-decima-clase-viernes-30-de-junio\/","title":{"rendered":"Resumen de la d\u00e9cima clase. Viernes 30 de junio"},"content":{"rendered":"<p><em><span style=\"font-weight: 400\">Por Julieta Tamietti*<\/span><\/em><\/p>\n<p><img loading=\"lazy\" decoding=\"async\" class=\"alignleft size-large wp-image-2731\" src=\"https:\/\/blogs.fcpolit.unr.edu.ar\/redaccion1-rosales\/files\/2023\/07\/WhatsApp-Image-2023-07-03-at-09.31.52-1024x768.jpeg\" alt=\"\" width=\"640\" height=\"480\" \/>Dimos inicio a la clase de hoy dividi\u00e9ndola en tres partes.<\/p>\n<p><span style=\"font-weight: 400\">En la primera hora nos dedicamos a despejar todas las dudas surgidas sobre el Trabajo integrador N3, en la primera parte.\u00a0<\/span><\/p>\n<p>Luego, tuvimos nos organizamos para planificar nuestra propia newsletter, que vamos a ir emitiendo semanalmente, para la comisi\u00f3n (en principio), desde el segundo cuatrimestres. As\u00ed que tras unos minutos de debate definimos que hablaremos sobre m\u00fasica, creando distintas secciones para comentar artistas emergentes o piezas retro.<\/p>\n<p>La publicaremos los viernes durante la tarde para que nos despejemos de la semana, pero a\u00fan debemos elegir el nombre.\u00a0<span style=\"font-weight: 400\">Marcela design\u00f3 las parejas y mediante un sorteo, elegimos en orden en el que iremos haciendo las publicaciones. \u00a1Ya est\u00e1 todo listo!<\/span><\/p>\n<p><span style=\"font-weight: 400\">Por \u00faltimo, dimos inicio al taller sobre el Trabajo Final.<\/span><\/p>\n<p><span style=\"font-weight: 400\"><img loading=\"lazy\" decoding=\"async\" class=\"alignleft size-large wp-image-2732\" src=\"https:\/\/blogs.fcpolit.unr.edu.ar\/redaccion1-rosales\/files\/2023\/07\/WhatsApp-Image-2023-07-03-at-09.33.43-1-1024x768.jpeg\" alt=\"\" width=\"640\" height=\"480\" \/>Escuchamos a More que nos cont\u00f3 sobre su proceso de investigaci\u00f3n. Despu\u00e9s, recibimos a alumnos de segundo a\u00f1o, que tambi\u00e9n nos hablaron sobre sus experiencias, los temas que eligieron y sus consejos para nuestros trabajos. <\/span><span style=\"font-weight: 400\">Vinieron Marina, Rosario, Eimi, Lara, Pedro y Alejo.\u00a0<\/span><\/p>\n<p><span style=\"font-weight: 400\">Nos re\u00edmos mucho y aprendimos que, a pesar de las crisis que enfrentemos, no debemos olvidar la importancia de preguntar, escuchar y hablar, entre nosotros y sobre todo con Marcela!<\/span><\/p>\n<p><span style=\"font-weight: 400\">\u00a1Gracias chicos!<\/span><\/p>\n<p><img loading=\"lazy\" decoding=\"async\" class=\"alignleft size-large wp-image-2730\" src=\"https:\/\/blogs.fcpolit.unr.edu.ar\/redaccion1-rosales\/files\/2023\/07\/WhatsApp-Image-2023-07-03-at-09.31.52-1-1024x768.jpeg\" alt=\"\" width=\"640\" height=\"480\" \/><\/p>\n<p><span style=\"font-weight: 400\">Para la pr\u00f3xima clase debemos llevar por escrito tres ideas de temas para investigar en el segundo cuatrimestre, que ser\u00e1 la primera parte rumbo al trabajo final de Redacci\u00f3n 1.\u00a0<\/span><\/p>\n<p>\u00a1Nos vemos el viernes 7!<\/p>\n<p><em>*Estudiante de Comunicaci\u00f3n Social. Universidad Nacional de Rosario.<\/em><\/p>\n","protected":false},"excerpt":{"rendered":"<p>Por Julieta Tamietti* Dimos inicio a la clase de hoy dividi\u00e9ndola en tres partes. En la primera hora nos dedicamos a despejar todas las dudas surgidas sobre el Trabajo integrador N3, en la primera parte.\u00a0 Luego, tuvimos nos organizamos para planificar nuestra propia newsletter, que vamos a ir emitiendo semanalmente, para la comisi\u00f3n (en principio), [&hellip;]<\/p>\n","protected":false},"author":9,"featured_media":0,"comment_status":"open","ping_status":"open","sticky":false,"template":"","format":"standard","meta":{"footnotes":""},"categories":[6],"tags":[],"_links":{"self":[{"href":"https:\/\/redaccion1.fcpolit.unr.edu.ar\/comision-rosales\/wp-json\/wp\/v2\/posts\/2729"}],"collection":[{"href":"https:\/\/redaccion1.fcpolit.unr.edu.ar\/comision-rosales\/wp-json\/wp\/v2\/posts"}],"about":[{"href":"https:\/\/redaccion1.fcpolit.unr.edu.ar\/comision-rosales\/wp-json\/wp\/v2\/types\/post"}],"author":[{"embeddable":true,"href":"https:\/\/redaccion1.fcpolit.unr.edu.ar\/comision-rosales\/wp-json\/wp\/v2\/users\/9"}],"replies":[{"embeddable":true,"href":"https:\/\/redaccion1.fcpolit.unr.edu.ar\/comision-rosales\/wp-json\/wp\/v2\/comments?post=2729"}],"version-history":[{"count":1,"href":"https:\/\/redaccion1.fcpolit.unr.edu.ar\/comision-rosales\/wp-json\/wp\/v2\/posts\/2729\/revisions"}],"predecessor-version":[{"id":3072,"href":"https:\/\/redaccion1.fcpolit.unr.edu.ar\/comision-rosales\/wp-json\/wp\/v2\/posts\/2729\/revisions\/3072"}],"wp:attachment":[{"href":"https:\/\/redaccion1.fcpolit.unr.edu.ar\/comision-rosales\/wp-json\/wp\/v2\/media?parent=2729"}],"wp:term":[{"taxonomy":"category","embeddable":true,"href":"https:\/\/redaccion1.fcpolit.unr.edu.ar\/comision-rosales\/wp-json\/wp\/v2\/categories?post=2729"},{"taxonomy":"post_tag","embeddable":true,"href":"https:\/\/redaccion1.fcpolit.unr.edu.ar\/comision-rosales\/wp-json\/wp\/v2\/tags?post=2729"}],"curies":[{"name":"wp","href":"https:\/\/api.w.org\/{rel}","templated":true}]}}