{"id":2716,"date":"2023-06-18T11:10:59","date_gmt":"2023-06-18T11:10:59","guid":{"rendered":"https:\/\/blogs.fcpolit.unr.edu.ar\/redaccion1-rosales\/?p=2716"},"modified":"2024-03-29T08:34:55","modified_gmt":"2024-03-29T11:34:55","slug":"resumen-de-la-octava-clase-viernes-16-de-junio","status":"publish","type":"post","link":"https:\/\/redaccion1.fcpolit.unr.edu.ar\/comision-rosales\/2023\/06\/18\/resumen-de-la-octava-clase-viernes-16-de-junio\/","title":{"rendered":"Resumen de la octava clase. Viernes 16 de junio"},"content":{"rendered":"<p class=\"p3\"><i>Por Agustina Dolce*<\/i><\/p>\n<p class=\"p6\">Arrancamos la clase con el ejercicio de plantear diversos medios de comunicaci\u00f3n que aportaran noticias como: Anfibia , El pa\u00eds, La naci\u00f3n, Infobae, \u00c1mbito, The New York Times, Filonews, El guardi\u00e1n, P\u00e1gina 12, The Daily News, entre otros. Consiguientemente deb\u00edamos elegir de tres de estos medios una noticia para su posterior an\u00e1lisis.<\/p>\n<p class=\"p6\">Charlamos sobre el libro Operaci\u00f3n Masacre entre medio y como resulta de suma importancia para nuestra carrera. \u00c9ste es un libro escrito por Rodolfo Walsh periodista y escritor que expres\u00f3 de sucesos que acontec\u00edan en la dictaduras argentinas .<\/p>\n<p class=\"p6\">Durante \u00e9sta clase seguimos profundizando los conceptos asociados con la escritura de noticias, retomando un poco lo de la semana pasada. Nos basamos en la lectura que ten\u00edamos pendiente de <a href=\"https:\/\/drive.google.com\/file\/d\/1o19tkW-EDXdmi0L1cU6NMwNzGr2tGmsX\/view\"><span class=\"s2\">Calsamiglia y Tuson_La textura discursiva, para\u00a0<\/span><\/a>establecer la Cohesi\u00f3n y Coherencia.\u00a0 Trabajamos los conceptos de Macroestructura y Superestructura. Nos adentramos en las macrorreglas y pusimos un par de ejemplos.<\/p>\n<p class=\"p6\">Analizamos esta noticia: <a href=\"https:\/\/www.pagina12.com.ar\/558892-hay-que-volver-a-ejercer-el-amor-por-la-patria\"><span class=\"s3\">https:\/\/www.pagina12.com.ar\/558892-hay-que-volver-a-ejercer-el-amor-por-la-patria<\/span><\/a> entre todos, teniendo en cuenta sus partes y comparando con el cuadro que tenemos en el texto de <a href=\"https:\/\/drive.google.com\/file\/d\/1o19tkW-EDXdmi0L1cU6NMwNzGr2tGmsX\/view\"><span class=\"s2\">Calsamiglia y Tuson_La textura discursiva.pdf<\/span><\/a>.<\/p>\n<p class=\"p6\">Hablamos de que ya se definieron los nombres de los frentes pol\u00edticos para las elecciones nacionales, y nos sacamos dudas sobre determinadas cuestiones relacionadas a nuestros derechos y obligaciones civiles. D\u00f3nde votar, c\u00f3mo votar, qu\u00e9 es un fiscal de mesa y qu\u00e9 es un presidente de la misma, entre otras cuestiones.<\/p>\n<p class=\"p6\">Tambi\u00e9n reflexionamos sobre c\u00f3mo a veces las palabras no vienen desde un lugar negativo pero lo significan as\u00ed de todas maneras.<\/p>\n<p class=\"p6\">En un momento explosivo durante la clase, nos paramos junto a las ventanas del sal\u00f3n para saludar a un estudiante que se estaba recibiendo. Le aplaudimos y le deseamos lo mejor.<\/p>\n<p class=\"p6\">Retomamos la teor\u00eda, y discutimos sobre los mecanismos l\u00e9xicos y los recursos gramaticales para establecer la cohesi\u00f3n de los textos. Y aportamos un par de ejemplos para mayor entendimiento.<\/p>\n<p class=\"p6\">Para el final de la clase escuchamos el texto de la compa\u00f1era Juli, que nos brind\u00f3 la posibilidad de hacerle comentarios. Le deseamos lo mejor para su primera publicaci\u00f3n en el peri\u00f3dico de Arroyo Seco, que nos ha encantado y quedamos ansiosos para su versi\u00f3n final el viernes que viene.<\/p>\n<p class=\"p6\"><!--more-->Tendremos entonces algunas cositas para hacer la semana que viene como el <span class=\"s1\">Trabajo Pr\u00e1ctico N\u00famero 5.<\/span> El cual consiste en identificar entre una de las noticias que estuvimos trabajando, los mecanismos de cohesi\u00f3n. Se entrega el viernes, y para cualquier consulta podemos dirigirnos al texto (<a href=\"https:\/\/drive.google.com\/file\/d\/1o19tkW-EDXdmi0L1cU6NMwNzGr2tGmsX\/view\"><span class=\"s2\">Calsamiglia y Tuson_La textura discursiva.pdf<\/span><\/a>) deberemos publicarlo en Facebook o por mail a la profe como siempre.<\/p>\n<p class=\"p6\">Adem\u00e1s deberemos leer los \u00faltimos textos de la unidad 3 \u201cHipertextos\u201d.<\/p>\n<ul>\n<li>U<a href=\"https:\/\/drive.google.com\/file\/d\/10dCXmmJAeVvIUX5K9YiKBC_Dr1eiRP2Z\/view?usp=sharing\" target=\"_blank\" rel=\"noopener\">n cap\u00edtulo de\u00a0<em>Hipermediaciones<\/em><\/a>, de Carlos Scolari<\/li>\n<li>\u00a0<em><a href=\"https:\/\/docs.google.com\/viewer?a=v&amp;pid=sites&amp;srcid=ZGVmYXVsdGRvbWFpbnx0aWN5d2VibGFyZWRvfGd4OjNiMjA2ZWU1Y2UxMTE1NjU\" target=\"_blank\" rel=\"noopener\">Escribir en la Internet. Gu\u00eda para los nuevos medios y redes sociales<\/a><\/em>, dirigido por Tasc\u00f3n: \u00abNuevas estructuras para la red\u00bb, de Juan Carlos Camus (pp. 212\/216) y \u00abHipertexto\u00bb, de Daniel Monle\u00f3n y Alicia Selles Carot (pp. 239\/251).<\/li>\n<li>\u00a0<a href=\"https:\/\/drive.google.com\/file\/d\/1gkkxUiD1wQzHdV0ImAfK_2m1biTfg9cb\/view?usp=sharing\" target=\"_blank\" rel=\"noopener\">\u201cDe la pir\u00e1mide invertida al hipertexto: hacia nuevos est\u00e1ndares de redacci\u00f3n para los peri\u00f3dicos digitales\u201d<\/a>, de Ram\u00f3n Salaverr\u00eda. Muestra c\u00f3mo a su criterio, deber\u00eda transformarse la estructura cl\u00e1sica de la noticia \u2014pir\u00e1mide invertida\u2014 en la de c\u00e9lula informativa, basada en el formato<\/li>\n<\/ul>\n<p class=\"p6\">La semana pr\u00f3xima nos adelant\u00f3 la profe ya vamos a estar planteando el TP integrador N\u00famero 3 y tambi\u00e9n tenemos que hacer una revisi\u00f3n de las <a href=\"https:\/\/docs.google.com\/document\/d\/1yn_zko6ncE94IxXB1XtVgxvXNvhuIyP7iiJRg5ZcqTI\/edit?usp=sharing\">newsletter que ten\u00edamos que empezar a buscar y leer desde el principio del cuatrimestre<\/a>. En la semana siguiente vamos a definir el tema, p\u00fablico y estilo de nuestra newsletter, as\u00ed que, \u00a1a leer newsletters!<\/p>\n<p class=\"p3\"><i>*Estudiante de Comunicaci\u00f3n Social. Universidad Nacional de Rosario.<\/i><\/p>\n","protected":false},"excerpt":{"rendered":"<p>Por Agustina Dolce* Arrancamos la clase con el ejercicio de plantear diversos medios de comunicaci\u00f3n que aportaran noticias como: Anfibia , El pa\u00eds, La naci\u00f3n, Infobae, \u00c1mbito, The New York Times, Filonews, El guardi\u00e1n, P\u00e1gina 12, The Daily News, entre otros. Consiguientemente deb\u00edamos elegir de tres de estos medios una noticia para su posterior an\u00e1lisis. [&hellip;]<\/p>\n","protected":false},"author":9,"featured_media":0,"comment_status":"open","ping_status":"open","sticky":false,"template":"","format":"standard","meta":{"footnotes":""},"categories":[6],"tags":[],"_links":{"self":[{"href":"https:\/\/redaccion1.fcpolit.unr.edu.ar\/comision-rosales\/wp-json\/wp\/v2\/posts\/2716"}],"collection":[{"href":"https:\/\/redaccion1.fcpolit.unr.edu.ar\/comision-rosales\/wp-json\/wp\/v2\/posts"}],"about":[{"href":"https:\/\/redaccion1.fcpolit.unr.edu.ar\/comision-rosales\/wp-json\/wp\/v2\/types\/post"}],"author":[{"embeddable":true,"href":"https:\/\/redaccion1.fcpolit.unr.edu.ar\/comision-rosales\/wp-json\/wp\/v2\/users\/9"}],"replies":[{"embeddable":true,"href":"https:\/\/redaccion1.fcpolit.unr.edu.ar\/comision-rosales\/wp-json\/wp\/v2\/comments?post=2716"}],"version-history":[{"count":1,"href":"https:\/\/redaccion1.fcpolit.unr.edu.ar\/comision-rosales\/wp-json\/wp\/v2\/posts\/2716\/revisions"}],"predecessor-version":[{"id":3076,"href":"https:\/\/redaccion1.fcpolit.unr.edu.ar\/comision-rosales\/wp-json\/wp\/v2\/posts\/2716\/revisions\/3076"}],"wp:attachment":[{"href":"https:\/\/redaccion1.fcpolit.unr.edu.ar\/comision-rosales\/wp-json\/wp\/v2\/media?parent=2716"}],"wp:term":[{"taxonomy":"category","embeddable":true,"href":"https:\/\/redaccion1.fcpolit.unr.edu.ar\/comision-rosales\/wp-json\/wp\/v2\/categories?post=2716"},{"taxonomy":"post_tag","embeddable":true,"href":"https:\/\/redaccion1.fcpolit.unr.edu.ar\/comision-rosales\/wp-json\/wp\/v2\/tags?post=2716"}],"curies":[{"name":"wp","href":"https:\/\/api.w.org\/{rel}","templated":true}]}}