{"id":2709,"date":"2023-06-13T18:25:38","date_gmt":"2023-06-13T18:25:38","guid":{"rendered":"https:\/\/blogs.fcpolit.unr.edu.ar\/redaccion1-rosales\/?p=2709"},"modified":"2024-03-29T08:35:05","modified_gmt":"2024-03-29T11:35:05","slug":"resumen-de-la-septima-clase-viernes-9-de-junio","status":"publish","type":"post","link":"https:\/\/redaccion1.fcpolit.unr.edu.ar\/comision-rosales\/2023\/06\/13\/resumen-de-la-septima-clase-viernes-9-de-junio\/","title":{"rendered":"Resumen de la s\u00e9ptima clase. Viernes 9 de junio"},"content":{"rendered":"<p class=\"p1\"><em>Por Mateo del Federico*<\/em><\/p>\n<p class=\"p3\">Al comienzo de la clase decidimos dividir la clase en 3 bloques. Uno dedicado a las dudas surgidas del <span class=\"s1\">trabajo pr\u00e1ctico integrador n 2<\/span>, otro dedicado a las noticias que cada uno deb\u00eda llevar y para cerrar, comenzamos con <span class=\"s1\">la unidad 3<\/span>.<\/p>\n<p class=\"p3\"><img loading=\"lazy\" decoding=\"async\" class=\"alignleft size-large wp-image-2710\" src=\"https:\/\/blogs.fcpolit.unr.edu.ar\/redaccion1-rosales\/files\/2023\/06\/WhatsApp-Image-2023-06-09-at-16.19.13-1024x768.jpeg\" alt=\"\" width=\"640\" height=\"480\" \/>Las dudas que m\u00e1s se repet\u00edan eran sobre el contrato de lectura y trabajamos en reforzar eso para cada trabajo integrador, as\u00ed se pas\u00f3 volando la primera hora de clase.<\/p>\n<p class=\"p3\">M\u00e1s adelante charlamos sobre qu\u00e9 es una noticia y sus partes, la famosa pir\u00e1mide invertida. Analizamos las noticias que cada uno trajo en conjunto para poder reconocer todos los recursos de una noticia.<\/p>\n<p class=\"p3\">La profesora dio como consigna reescribir una de las noticias, ya sea propia o la de una compa\u00f1era o compa\u00f1ero, resolviendo de mejor manera la prioridad de la informaci\u00f3n.<\/p>\n<p class=\"p3\"><!--more-->Ya m\u00e1s avanzados en la clase comenzamos a trabajar con la unidad 3, trabajamos sobre los textos y las normas de textualidad que le asignan el caracter, precisamente, de textos.<\/p>\n<p class=\"p3\">Para cerrar la profesora nos ley\u00f3 un texto llamado <span class=\"s1\">\u201c<a href=\"https:\/\/www.loscuentos.net\/cuentos\/link\/135\/135519\/\">La Tortuga<\/a>\u201d<\/span>, de Leo Masliah, y aplicamos las normas de la textualidad para se\u00f1alar si es o no un texto.<\/p>\n<p>Para el viernes, debemos leer:<\/p>\n<p><a href=\"https:\/\/drive.google.com\/file\/d\/1o19tkW-EDXdmi0L1cU6NMwNzGr2tGmsX\/view?usp=sharing\" target=\"_blank\" rel=\"noopener\">\u201cLa textura discursiva\u201d, de Calsamiglia y Tus\u00f3n.<\/a><\/p>\n<p><em>*Estudiante de Comunicaci\u00f3n Social. Universidad Nacional de Rosario.<\/em><\/p>\n","protected":false},"excerpt":{"rendered":"<p>Por Mateo del Federico* Al comienzo de la clase decidimos dividir la clase en 3 bloques. Uno dedicado a las dudas surgidas del trabajo pr\u00e1ctico integrador n 2, otro dedicado a las noticias que cada uno deb\u00eda llevar y para cerrar, comenzamos con la unidad 3. Las dudas que m\u00e1s se repet\u00edan eran sobre el [&hellip;]<\/p>\n","protected":false},"author":9,"featured_media":0,"comment_status":"open","ping_status":"open","sticky":false,"template":"","format":"standard","meta":{"footnotes":""},"categories":[6],"tags":[],"_links":{"self":[{"href":"https:\/\/redaccion1.fcpolit.unr.edu.ar\/comision-rosales\/wp-json\/wp\/v2\/posts\/2709"}],"collection":[{"href":"https:\/\/redaccion1.fcpolit.unr.edu.ar\/comision-rosales\/wp-json\/wp\/v2\/posts"}],"about":[{"href":"https:\/\/redaccion1.fcpolit.unr.edu.ar\/comision-rosales\/wp-json\/wp\/v2\/types\/post"}],"author":[{"embeddable":true,"href":"https:\/\/redaccion1.fcpolit.unr.edu.ar\/comision-rosales\/wp-json\/wp\/v2\/users\/9"}],"replies":[{"embeddable":true,"href":"https:\/\/redaccion1.fcpolit.unr.edu.ar\/comision-rosales\/wp-json\/wp\/v2\/comments?post=2709"}],"version-history":[{"count":1,"href":"https:\/\/redaccion1.fcpolit.unr.edu.ar\/comision-rosales\/wp-json\/wp\/v2\/posts\/2709\/revisions"}],"predecessor-version":[{"id":3193,"href":"https:\/\/redaccion1.fcpolit.unr.edu.ar\/comision-rosales\/wp-json\/wp\/v2\/posts\/2709\/revisions\/3193"}],"wp:attachment":[{"href":"https:\/\/redaccion1.fcpolit.unr.edu.ar\/comision-rosales\/wp-json\/wp\/v2\/media?parent=2709"}],"wp:term":[{"taxonomy":"category","embeddable":true,"href":"https:\/\/redaccion1.fcpolit.unr.edu.ar\/comision-rosales\/wp-json\/wp\/v2\/categories?post=2709"},{"taxonomy":"post_tag","embeddable":true,"href":"https:\/\/redaccion1.fcpolit.unr.edu.ar\/comision-rosales\/wp-json\/wp\/v2\/tags?post=2709"}],"curies":[{"name":"wp","href":"https:\/\/api.w.org\/{rel}","templated":true}]}}