{"id":2650,"date":"2023-04-05T17:16:38","date_gmt":"2023-04-05T17:16:38","guid":{"rendered":"https:\/\/blogs.fcpolit.unr.edu.ar\/redaccion1-rosales\/?p=2650"},"modified":"2024-03-29T08:23:37","modified_gmt":"2024-03-29T11:23:37","slug":"resumen-de-la-primera-clase-2","status":"publish","type":"post","link":"https:\/\/redaccion1.fcpolit.unr.edu.ar\/comision-rosales\/2023\/04\/05\/resumen-de-la-primera-clase-2\/","title":{"rendered":"Resumen de la primera clase: mi\u00e9rcoles 5 de abril"},"content":{"rendered":"<p><em>Por Marcela Rosales<\/em><\/p>\n<p>Fue la primera clase, \u00a1pero fue un mont\u00f3n! Empecemos por el final: \u00a1este grupo tiene de todo para hacer un cursado brillante de Redacci\u00f3n 1!<\/p>\n<p><a href=\"https:\/\/blogs.fcpolit.unr.edu.ar\/redaccion1-rosales\/files\/2023\/04\/Captura-de-pantalla-2023-04-05-a-las-13.30.31.png\"><img loading=\"lazy\" decoding=\"async\" class=\"alignleft size-large wp-image-2651\" src=\"https:\/\/blogs.fcpolit.unr.edu.ar\/redaccion1-rosales\/files\/2023\/04\/Captura-de-pantalla-2023-04-05-a-las-13.30.31-1024x542.png\" alt=\"\" width=\"640\" height=\"339\" \/><\/a><\/p>\n<p>\u00a1Y aunque algo de miedo se siente, hay m\u00e1s confianza y vamos paso a paso! &#x1f60a;<\/p>\n<p><a href=\"https:\/\/blogs.fcpolit.unr.edu.ar\/redaccion1-rosales\/files\/2023\/04\/Captura-de-pantalla-2023-04-05-a-las-13.31.08.png\"><img loading=\"lazy\" decoding=\"async\" class=\"size-large wp-image-2652 alignnone\" src=\"https:\/\/blogs.fcpolit.unr.edu.ar\/redaccion1-rosales\/files\/2023\/04\/Captura-de-pantalla-2023-04-05-a-las-13.31.08-1024x546.png\" alt=\"\" width=\"640\" height=\"341\" \/><\/a><\/p>\n<p>No vamos a repetir la <strong>presentaci\u00f3n de la materia:<\/strong> la c\u00e1tedra, el espacio de trabajo, el objetivo y los requisitos para cursar y aprobar la materia, algo que nos llev\u00f3 la primera hora del encuentro. Pero vamos a dirigir la atenci\u00f3n a <a href=\"https:\/\/blogs.fcpolit.unr.edu.ar\/redaccion1-rosales\/2023\/04\/04\/orientaciones-para-cursar-redaccion-1-en-2023\/\">este machete permanente<\/a>, para no perderse detalles.<\/p>\n<p>Luego de presentar la materia, <strong>nos conocimos<\/strong> un poquito, contando nuestros recorridos y nuestros proyectos. Y ya dimos pie a dos actividades de la semana:<!--more--><\/p>\n<p>La primera, este juego de <strong>preguntas-respuestas sobre sus itinerarios culturales,<\/strong> que adem\u00e1s de compartir y abrir horizontes, nos va a permitirnos conocernos mejor para proponer lecturas y actividades. \u00a1Ya empezaron a caer unas respuestas que me encantaron! \u00bfNo respondiste todav\u00eda? <a href=\"https:\/\/forms.gle\/DvKSEXbCG74sEv1q6\">\u00a1Ac\u00e1! \u00a1Ya!\u00a0<\/a><\/p>\n<p>La segunda, esta primera actividad de escritura, evaluativa: el T<strong>rabajo Pr\u00e1ctico 1 &#8220;Presentaci\u00f3n&#8221;,<\/strong> como conversamos en clase, tiene el objetivo de que comiencen a redactar, ya pensando en la mejor manera de decir, en este caso qui\u00e9n es cada uno\/una, pensando en un grupo de lectores, que somos toda la comisi\u00f3n. Como disparador, les dejo esta <a href=\"https:\/\/hernancasciari.com\/blog\/falsa_biografia\">falsa biograf\u00eda<\/a> (y maravillosa) de Hern\u00e1n Casciari, uno de los escritores que referenciamos en la clase. <strong>Tienen tiempo de entrega hasta el mi\u00e9rcoles 12 de abril, antes de la clase.<\/strong><\/p>\n<p>Y ya dejamos una <strong>lista de textos que hay que estudiar para la semana que viene<\/strong>, que la unidad 1 arranca con toda.<\/p>\n<ol>\n<li>\u00a0<a href=\"https:\/\/drive.google.com\/file\/d\/1By_5j3lwdSpBJZ2NQZuK8NbdWRw8HtO7\/view?usp=sharing\" target=\"_blank\" rel=\"noopener\">\u00abLos procesos de escritura\u00bb,\u00a0<\/a>de Mar\u00eda Antonieta Teodosio<\/li>\n<li>\u00a0<a href=\"https:\/\/drive.google.com\/file\/d\/1o4d5qEcjVQGdb5zs0NgEF22u8qWF8Tq6\/view?usp=sharing\" target=\"_blank\" rel=\"noopener\">\u00abLa escritura digital\u00bb<\/a>\u00a0de Javier D\u00edaz Noci<\/li>\n<li>\u00ab<a href=\"https:\/\/drive.google.com\/file\/d\/1nMxjgawHfCIt1r4eNGgV6S5Zk6O90JAL\/view?usp=sharing\" target=\"_blank\" rel=\"noopener\">Met\u00e1fora de la primicia<\/a><a href=\"https:\/\/drive.google.com\/file\/d\/1o4d5qEcjVQGdb5zs0NgEF22u8qWF8Tq6\/view?usp=sharing\" target=\"_blank\" rel=\"noopener\">\u00bb<\/a>,\u00a0de Adriana Amado.<\/li>\n<li>De Daniel Cassany:\u00a0<a href=\"https:\/\/drive.google.com\/file\/d\/1Qkhc_DgYV-X0kkI9sOAXi9dtltSuX2mc\/view?usp=sharing\" target=\"_blank\" rel=\"noopener\">\u00abLeer como un escritor\u00bb<\/a>,<a href=\"https:\/\/drive.google.com\/file\/d\/1IKZ7I_yrQj5demq0qrmOJsfRGx1i_N1c\/view?usp=sharing\" target=\"_blank\" rel=\"noopener\">\u00a0\u00abLas prosas de escritor y de lector\u00bb<\/a>,\u00a0<a href=\"https:\/\/drive.google.com\/file\/d\/1hE49KX_ncJUBZEwdBWKumta2MPk8d6Jy\/view?usp=sharing\" target=\"_blank\" rel=\"noopener\">\u00abEscribir sin prejuicios ni supersticiones\u00bb<\/a>.<\/li>\n<li>Y de Anal\u00eda Reale:\u00a0\u00a0<a href=\"https:\/\/drive.google.com\/file\/d\/1l03-ifZ3KpTGJvB2BVMKjPJrYChK8RXl\/view?usp=sharing\" target=\"_blank\" rel=\"noopener\">\u00abEstrategias de composici\u00f3n\u00bb.<\/a><\/li>\n<\/ol>\n<ul>\n<li>Tambi\u00e9n tienen que <strong>explorar algunos newsletters<\/strong> esta semana, y llevar los que les gustaron a la clase, para empezar a conocer algunos.<\/li>\n<li>Recuerden que en el marco de los <strong>40 a\u00f1os de la democracia,<\/strong> son especialmente bienvenidos los textos que, de alguna manera, referencien este hito&#8230;<\/li>\n<li>Bueno, y como prometido, aqu\u00ed est\u00e1 el <a href=\"https:\/\/www.facebook.com\/groups\/redaccionmiercoles\/\">grupo de Facebook<\/a>, para que empiecen a pedir admisi\u00f3n.<\/li>\n<\/ul>\n<p>\u00bfMucho, no? Bueno, pero como dijo Leila Guerriero en el <a href=\"https:\/\/latinta.com.ar\/2021\/06\/amasar-pan\/#:~:text=Por%20Leila%20Guerriero,ganas%20de%20amasar%20el%20pan.\">hermoso texto<\/a> que compartimos hoy&#8230; se trata de amasar el pan&#8230; <strong>estudiar, leer, escribir&#8230; amasar el pan.<\/strong><\/p>\n<p>\u00a1Que nos salga rico!<\/p>\n<p>Nos vemos el mi\u00e9rcoles, y con la primera playlist del a\u00f1o&#8230; &#x1f929;<\/p>\n","protected":false},"excerpt":{"rendered":"<p>Por Marcela Rosales Fue la primera clase, \u00a1pero fue un mont\u00f3n! Empecemos por el final: \u00a1este grupo tiene de todo para hacer un cursado brillante de Redacci\u00f3n 1! \u00a1Y aunque algo de miedo se siente, hay m\u00e1s confianza y vamos paso a paso! &#x1f60a; No vamos a repetir la presentaci\u00f3n de la materia: la c\u00e1tedra, [&hellip;]<\/p>\n","protected":false},"author":9,"featured_media":0,"comment_status":"open","ping_status":"open","sticky":false,"template":"","format":"standard","meta":{"footnotes":""},"categories":[6],"tags":[],"_links":{"self":[{"href":"https:\/\/redaccion1.fcpolit.unr.edu.ar\/comision-rosales\/wp-json\/wp\/v2\/posts\/2650"}],"collection":[{"href":"https:\/\/redaccion1.fcpolit.unr.edu.ar\/comision-rosales\/wp-json\/wp\/v2\/posts"}],"about":[{"href":"https:\/\/redaccion1.fcpolit.unr.edu.ar\/comision-rosales\/wp-json\/wp\/v2\/types\/post"}],"author":[{"embeddable":true,"href":"https:\/\/redaccion1.fcpolit.unr.edu.ar\/comision-rosales\/wp-json\/wp\/v2\/users\/9"}],"replies":[{"embeddable":true,"href":"https:\/\/redaccion1.fcpolit.unr.edu.ar\/comision-rosales\/wp-json\/wp\/v2\/comments?post=2650"}],"version-history":[{"count":1,"href":"https:\/\/redaccion1.fcpolit.unr.edu.ar\/comision-rosales\/wp-json\/wp\/v2\/posts\/2650\/revisions"}],"predecessor-version":[{"id":3169,"href":"https:\/\/redaccion1.fcpolit.unr.edu.ar\/comision-rosales\/wp-json\/wp\/v2\/posts\/2650\/revisions\/3169"}],"wp:attachment":[{"href":"https:\/\/redaccion1.fcpolit.unr.edu.ar\/comision-rosales\/wp-json\/wp\/v2\/media?parent=2650"}],"wp:term":[{"taxonomy":"category","embeddable":true,"href":"https:\/\/redaccion1.fcpolit.unr.edu.ar\/comision-rosales\/wp-json\/wp\/v2\/categories?post=2650"},{"taxonomy":"post_tag","embeddable":true,"href":"https:\/\/redaccion1.fcpolit.unr.edu.ar\/comision-rosales\/wp-json\/wp\/v2\/tags?post=2650"}],"curies":[{"name":"wp","href":"https:\/\/api.w.org\/{rel}","templated":true}]}}