{"id":2518,"date":"2022-05-05T13:17:20","date_gmt":"2022-05-05T13:17:20","guid":{"rendered":"http:\/\/blogs-fcpolit.unr.edu.ar\/redaccion1-rosales\/?p=2518"},"modified":"2024-03-29T08:15:38","modified_gmt":"2024-03-29T11:15:38","slug":"trabajo-practico-3-modelos-de-lectores","status":"publish","type":"post","link":"https:\/\/redaccion1.fcpolit.unr.edu.ar\/comision-rosales\/2022\/05\/05\/trabajo-practico-3-modelos-de-lectores\/","title":{"rendered":"Trabajo Pr\u00e1ctico 3: modelos de lectores"},"content":{"rendered":"<p><em>Por Marcela Rosales.<\/em><\/p>\n<p>En este trabajo pr\u00e1ctico, les convocamos a reconocer, en su propia experiencia de lectura, conceptos clave que estamos desarrollando en la Unidad 2 &#8220;Redactar para el lector&#8221;.\u00a0La idea es que hagan una lectura comprometida, pero tambi\u00e9n un registro de esa lectura, para reconocerse en el proceso.<\/p>\n<p>Consigna:<\/p>\n<ol>\n<li><a href=\"https:\/\/www.memo.com.ar\/cultura\/discurso-completo-guillermo-saccomanno-feria-libro\/\">Lean el discurso<\/a> que el escritor Guillermo Saccomanno pronunci\u00f3 en la apertura de la Feria del Libro de Buenos Aires 2022.<\/li>\n<li><strong>Registren la lectura.<\/strong> En este punto les pedimos que copien el discurso en un archivo de texto editable, elijan una secci\u00f3n de al menos diez p\u00e1rrafos, y con un color diferente, vayan entrando al texto, a medida que lo van leyendo, y dejen anotada la interpretaci\u00f3n que van haciendo a cada paso (incluso destaquen lo que les cuesta comprender, si se van ayudando con consultas a otras fuentes, preguntas a personas cercanas -compa\u00f1eros y compa\u00f1eras, familia, etc., si lo dejan pasar&#8230; Si interrumpieron la lectura para hacer alguna otra actividad, para descansar, para quedarse pensando). De alguna manera, les estamos proponiendo identificar &#8220;c\u00f3mo completan el texto&#8221;, como &#8220;cooperan&#8221;, en t\u00e9rminos de Eco, para actualizar el texto con sus propias competencias (ling\u00fc\u00edsticas, enciclop\u00e9dicas, cognitivas, afectivas, contextuales, etc.), c\u00f3mo el texto les va proponiendo un recorrido que es propio de cada uno.<\/li>\n<li>Finalmente, lean toda la producci\u00f3n que realizaron, y <strong>redacten una breve valoraci\u00f3n<\/strong> del proceso. Para ese breve texto, utilicen algunos conceptos trabajados por los autores y las autoras que ya estudiamos hasta aqu\u00ed: Cassany, Mazza, Canclini, la ficha de c\u00e1tedra de Reviglio, por supuesto, Eco, Ver\u00f3n y Zalba.<\/li>\n<\/ol>\n<p><strong>Fecha y modo de entrega:<\/strong> 11 de mayo, antes de las 8 de la ma\u00f1ana (vamos a utilizar sus producciones para seguir profundizando los temas en la clase), por correo electr\u00f3nico a marcelavrosales@gmail.com.<\/p>\n","protected":false},"excerpt":{"rendered":"<p>Por Marcela Rosales. En este trabajo pr\u00e1ctico, les convocamos a reconocer, en su propia experiencia de lectura, conceptos clave que estamos desarrollando en la Unidad 2 &#8220;Redactar para el lector&#8221;.\u00a0La idea es que hagan una lectura comprometida, pero tambi\u00e9n un registro de esa lectura, para reconocerse en el proceso. Consigna: Lean el discurso que el [&hellip;]<\/p>\n","protected":false},"author":9,"featured_media":0,"comment_status":"open","ping_status":"open","sticky":false,"template":"","format":"standard","meta":{"footnotes":""},"categories":[10],"tags":[],"_links":{"self":[{"href":"https:\/\/redaccion1.fcpolit.unr.edu.ar\/comision-rosales\/wp-json\/wp\/v2\/posts\/2518"}],"collection":[{"href":"https:\/\/redaccion1.fcpolit.unr.edu.ar\/comision-rosales\/wp-json\/wp\/v2\/posts"}],"about":[{"href":"https:\/\/redaccion1.fcpolit.unr.edu.ar\/comision-rosales\/wp-json\/wp\/v2\/types\/post"}],"author":[{"embeddable":true,"href":"https:\/\/redaccion1.fcpolit.unr.edu.ar\/comision-rosales\/wp-json\/wp\/v2\/users\/9"}],"replies":[{"embeddable":true,"href":"https:\/\/redaccion1.fcpolit.unr.edu.ar\/comision-rosales\/wp-json\/wp\/v2\/comments?post=2518"}],"version-history":[{"count":1,"href":"https:\/\/redaccion1.fcpolit.unr.edu.ar\/comision-rosales\/wp-json\/wp\/v2\/posts\/2518\/revisions"}],"predecessor-version":[{"id":3148,"href":"https:\/\/redaccion1.fcpolit.unr.edu.ar\/comision-rosales\/wp-json\/wp\/v2\/posts\/2518\/revisions\/3148"}],"wp:attachment":[{"href":"https:\/\/redaccion1.fcpolit.unr.edu.ar\/comision-rosales\/wp-json\/wp\/v2\/media?parent=2518"}],"wp:term":[{"taxonomy":"category","embeddable":true,"href":"https:\/\/redaccion1.fcpolit.unr.edu.ar\/comision-rosales\/wp-json\/wp\/v2\/categories?post=2518"},{"taxonomy":"post_tag","embeddable":true,"href":"https:\/\/redaccion1.fcpolit.unr.edu.ar\/comision-rosales\/wp-json\/wp\/v2\/tags?post=2518"}],"curies":[{"name":"wp","href":"https:\/\/api.w.org\/{rel}","templated":true}]}}