{"id":2409,"date":"2022-03-16T20:14:33","date_gmt":"2022-03-16T20:14:33","guid":{"rendered":"http:\/\/blogs-fcpolit.unr.edu.ar\/redaccion1-rosales\/?p=2409"},"modified":"2024-03-29T08:18:25","modified_gmt":"2024-03-29T11:18:25","slug":"trabajo-practico-1-presentacion-4","status":"publish","type":"post","link":"https:\/\/redaccion1.fcpolit.unr.edu.ar\/comision-rosales\/2022\/03\/16\/trabajo-practico-1-presentacion-4\/","title":{"rendered":"Trabajo Pr\u00e1ctico 1: Presentaci\u00f3n"},"content":{"rendered":"<p>Me gusta que este trabajo de presentaci\u00f3n deba hacerse en un contexto tan particular, como la semana de la Memoria, la Verdad y la Justicia, tan ligada a otra fecha clave, el 22 de octubre, cuando conmemoramos el D\u00eda del Derecho a la Identidad. Porque estos d\u00edas vamos a estar reflexionando mucho (m\u00e1s) respecto de nuestro pasado reciente, que nos constituye, y sobre las identidades aniquiladas y robadas.<\/p>\n<blockquote><p>&#8220;Reivindicamos la identidad porque seguimos buscando a las personas. Nos negamos a resignar el futuro que imaginaron. El a\u00f1o pasado sal\u00ed a la calle con mis amigas a pegar carteles. Dec\u00edan: \u201cNo estamos todas, faltan revolucionarias\u201d. Nunca tenemos que olvidar que nuestra impotencia neoliberal es su plan. A las madres y a las abuelas les quitaron a sus hijos y a sus nietos. Al pueblo, sus luchadores. Todos somos menos personas desde entonces&#8221;. Agostina Mileo, en Que la ciencia de te acompa\u00f1e. Edici\u00f3n 17.03.22<\/p><\/blockquote>\n<p style=\"text-align: center\">&#8230;<\/p>\n<p>Les proponemos que para producir este trabajo hagan un ejercicio de memoria, de recuperaci\u00f3n de los registros de sus experiencias -suyos o de personas cercanas a ustedes, aquellas que de alguna manera han participado de decisiones que fueron tomando hasta llegar a las puertas de la Facultad de Ciencia Pol\u00edtica, a sentarse a tomar clases en Comunicaci\u00f3n Social-. Lean, charlen, busquen fotos, noticias viejas, cuadernos archivados. Participen de las actividades que proponen las agendas de las organizaciones que trabajan por los Derechos Humanos: mirens\u00e9 all\u00ed, a trav\u00e9s de las dem\u00e1s personas con las que se encuentran. Preguntens\u00e9 por ustedes, tambi\u00e9n como modo de defender el derecho a la identidad.<\/p>\n<p><!--more-->Luego, tomens\u00e9 un tiempo para escribir un texto de presentaci\u00f3n, destinado a la comisi\u00f3n, y lo m\u00e1s alejado posible de las formas burocr\u00e1ticas: es decir, un texto que hable de ustedes, que cuente qui\u00e9nes son, pero no en el modo &#8220;Me llamo Tal, tengo XX a\u00f1os, vengo de&#8230;&#8221;. Son datos que deben estar, claro, pero \u00bfqu\u00e9 otra forma de contarlos encuentran? An\u00edmense a buscar un modo original, en este contexto: semana de la Memoria \/ semana de inicio de la facultad.<\/p>\n<p>Con este trabajo, tambi\u00e9n, empezamos a pensar en un elemento clave de la escritura: el lector. \u00bfA qui\u00e9n le escriben este texto? C\u00f3mo lo hacen para que sea un texto que convoque su atenci\u00f3n, que lo conmueva, que le exprese qui\u00e9nes son, c\u00f3mo llegaron hasta aqu\u00ed y qu\u00e9 esperan de la vida profesional.<\/p>\n<p>\u00a1Nos leemos pronto!<\/p>\n<p><strong>Modo de entrega:<\/strong> posteo en el grupo de Facebook, en lo posible, acompa\u00f1ado de una imagen representativa (no necesariamente una foto de ustedes, aunque bienvenida sea). <strong>Comisi\u00f3n mi\u00e9rcoles:<\/strong>\u00a0https:\/\/www.facebook.com\/groups\/miercoles \/ <strong>Comisi\u00f3n viernes:\u00a0<\/strong>https:\/\/www.facebook.com\/groups\/redaccionviernes<\/p>\n<p><strong>Fecha de entrega:<\/strong> <strong>Comisi\u00f3n mi\u00e9rcoles:<\/strong> hasta el 23 de marzo a las 8 AM \/\/ <strong>Comisi\u00f3n viernes:<\/strong> hasta el 25 de marzo a las 8 AM.<\/p>\n","protected":false},"excerpt":{"rendered":"<p>Me gusta que este trabajo de presentaci\u00f3n deba hacerse en un contexto tan particular, como la semana de la Memoria, la Verdad y la Justicia, tan ligada a otra fecha clave, el 22 de octubre, cuando conmemoramos el D\u00eda del Derecho a la Identidad. Porque estos d\u00edas vamos a estar reflexionando mucho (m\u00e1s) respecto de [&hellip;]<\/p>\n","protected":false},"author":9,"featured_media":0,"comment_status":"open","ping_status":"open","sticky":false,"template":"","format":"standard","meta":{"footnotes":""},"categories":[10],"tags":[],"_links":{"self":[{"href":"https:\/\/redaccion1.fcpolit.unr.edu.ar\/comision-rosales\/wp-json\/wp\/v2\/posts\/2409"}],"collection":[{"href":"https:\/\/redaccion1.fcpolit.unr.edu.ar\/comision-rosales\/wp-json\/wp\/v2\/posts"}],"about":[{"href":"https:\/\/redaccion1.fcpolit.unr.edu.ar\/comision-rosales\/wp-json\/wp\/v2\/types\/post"}],"author":[{"embeddable":true,"href":"https:\/\/redaccion1.fcpolit.unr.edu.ar\/comision-rosales\/wp-json\/wp\/v2\/users\/9"}],"replies":[{"embeddable":true,"href":"https:\/\/redaccion1.fcpolit.unr.edu.ar\/comision-rosales\/wp-json\/wp\/v2\/comments?post=2409"}],"version-history":[{"count":1,"href":"https:\/\/redaccion1.fcpolit.unr.edu.ar\/comision-rosales\/wp-json\/wp\/v2\/posts\/2409\/revisions"}],"predecessor-version":[{"id":3156,"href":"https:\/\/redaccion1.fcpolit.unr.edu.ar\/comision-rosales\/wp-json\/wp\/v2\/posts\/2409\/revisions\/3156"}],"wp:attachment":[{"href":"https:\/\/redaccion1.fcpolit.unr.edu.ar\/comision-rosales\/wp-json\/wp\/v2\/media?parent=2409"}],"wp:term":[{"taxonomy":"category","embeddable":true,"href":"https:\/\/redaccion1.fcpolit.unr.edu.ar\/comision-rosales\/wp-json\/wp\/v2\/categories?post=2409"},{"taxonomy":"post_tag","embeddable":true,"href":"https:\/\/redaccion1.fcpolit.unr.edu.ar\/comision-rosales\/wp-json\/wp\/v2\/tags?post=2409"}],"curies":[{"name":"wp","href":"https:\/\/api.w.org\/{rel}","templated":true}]}}