{"id":2358,"date":"2021-10-21T12:29:23","date_gmt":"2021-10-21T12:29:23","guid":{"rendered":"http:\/\/blogs-fcpolit.unr.edu.ar\/redaccion1-rosales\/?p=2358"},"modified":"2024-03-29T08:00:42","modified_gmt":"2024-03-29T11:00:42","slug":"resumen-de-la-clase-miercoles-20-de-octubre","status":"publish","type":"post","link":"https:\/\/redaccion1.fcpolit.unr.edu.ar\/comision-rosales\/2021\/10\/21\/resumen-de-la-clase-miercoles-20-de-octubre\/","title":{"rendered":"Resumen de la clase. Mi\u00e9rcoles 20 de octubre"},"content":{"rendered":"<p class=\"p1\"><em>Por Dorina Navas*<\/em><\/p>\n<p class=\"p1\">\u00a1Hola! \u00bfC\u00f3mo est\u00e1n? Ac\u00e1 Dorita report\u00e1ndose. Aparec\u00ed despu\u00e9s de varias clases y por fin les conoc\u00ed. \u00a1Un gusto!<\/p>\n<p class=\"p1\">Este mi\u00e9rcoles que arranc\u00f3 fresco (pero que m\u00e1s tarde nos sorprendi\u00f3 con un agradable calor) nos encontr\u00f3 en el sal\u00f3n 209 de la FCPOLIT en la Siberia.<span class=\"Apple-converted-space\">\u00a0 <\/span>Otra clase m\u00e1s donde podemos vernos las caras (casi, con barbijo de por medio) y que podemos intercambiar nuestras opiniones en una charla mucho m\u00e1s rica y din\u00e1mica que la que tenemos trav\u00e9s de las pantallas.<\/p>\n<p class=\"p1\">En la cursada de hoy vimos cr\u00f3nicas. Pero no cualquiera, sino las que ustedes mismos est\u00e1n redactando para el trabajo final.<span class=\"Apple-converted-space\">\u00a0 <\/span>Trabajamos con cada texto de ustedes en particular. Se leyeron uno a uno en voz alta y se comentaron de manera colectiva, aportando distintas cada uno una observaci\u00f3n diferente para que puedan mejorar sus producciones.<span class=\"Apple-converted-space\">\u00a0 <\/span>Debo decir que los temas que eligieron me parecen todos geniales para escribir unas cr\u00f3nicas muy entretenidas e interesantes (a\u00fan que no puedo ser imparcial, es mi tipo de noticia favorita). Recuerden que siempre pueden escribirnos, tanto a m\u00ed como a Marcela para que leamos sobre lo que est\u00e1n trabajando sin necesidad<span class=\"Apple-converted-space\">\u00a0<\/span>de que el texto est\u00e9 terminado (siempre con consultas puntuales).<span class=\"Apple-converted-space\">\u00a0<\/span><\/p>\n<p class=\"p1\">Entre texto y texto comentado se nos pas\u00f3 toda la hora y sobre el final la profe les comento cu\u00e1les son los pr\u00f3ximos trabajos a realizar (\u00a1quedan dos, nom\u00e1s! y la importancia que hay de aprobar<span class=\"Apple-converted-space\">\u00a0 el parcial y todos los integradores, m\u00e1s hacer las consultas obligatorias,\u00a0<\/span>para promover;<span class=\"Apple-converted-space\">\u00a0 <\/span>y el parcial m\u00e1s un integrador de la unidad 4 para regularizar.<\/p>\n<p class=\"p1\"><!--more-->Las pr\u00f3ximas fechas importantes<span class=\"Apple-converted-space\">\u00a0 <\/span>son las siguientes:<\/p>\n<ul>\n<li class=\"p1\">Semana pr\u00f3xima: a las 8, vivo por Facebook (EL \u00daTLIMO DEL A\u00d1O!!) sobre <a href=\"https:\/\/blogs-fcpolit.unr.edu.ar\/programa\/2020\/07\/29\/unidad-4-4-textos-argumentativos\/\">Argumentaci\u00f3n<\/a>. A las 9 nos encontramos por meet para discutir los textos de la teor\u00eda y pensar los posicionamientos de sus argumentaciones para el trabajo final.<\/li>\n<li class=\"p1\">La siguiente, nos encontramos en la facultad para poner en taller las argumentaciones de sus trabajos finales. Ser\u00e1 la consulta obligatoria.<\/li>\n<li>La semana del Congreso de la Democracia (del 8 de noviembre) har\u00e1n el \u00faltimo trabajo integrador.<\/li>\n<li>Y volvemos el resto de los mi\u00e9rcoles a tener consultas sobre los trabajos finales.<\/li>\n<li>29 de noviembre, recordamos, entrega del trabajo final.<\/li>\n<\/ul>\n<p class=\"p1\">Nos vemos muy pronto nuevamente,<span class=\"Apple-converted-space\">\u00a0<\/span><\/p>\n<p class=\"p1\">\u00a1Saludos!<\/p>\n<p class=\"p1\">Dorita.<\/p>\n<p class=\"p1\">PD: recuerden que soy un b\u00faho y pueden escribirme de madrugada sin problema.<\/p>\n<p class=\"p1\">PD2: alguien por ah\u00ed debe una cr\u00f3nica sobre cierta compa\u00f1era de pensi\u00f3n que practicaba brujer\u00eda\u2026<\/p>\n<p><em>*Ayudante alumna de Redacci\u00f3n 1<\/em><\/p>\n","protected":false},"excerpt":{"rendered":"<p>Por Dorina Navas* \u00a1Hola! \u00bfC\u00f3mo est\u00e1n? Ac\u00e1 Dorita report\u00e1ndose. Aparec\u00ed despu\u00e9s de varias clases y por fin les conoc\u00ed. \u00a1Un gusto! Este mi\u00e9rcoles que arranc\u00f3 fresco (pero que m\u00e1s tarde nos sorprendi\u00f3 con un agradable calor) nos encontr\u00f3 en el sal\u00f3n 209 de la FCPOLIT en la Siberia.\u00a0 Otra clase m\u00e1s donde podemos vernos las [&hellip;]<\/p>\n","protected":false},"author":9,"featured_media":0,"comment_status":"open","ping_status":"open","sticky":false,"template":"","format":"standard","meta":{"footnotes":""},"categories":[6],"tags":[],"_links":{"self":[{"href":"https:\/\/redaccion1.fcpolit.unr.edu.ar\/comision-rosales\/wp-json\/wp\/v2\/posts\/2358"}],"collection":[{"href":"https:\/\/redaccion1.fcpolit.unr.edu.ar\/comision-rosales\/wp-json\/wp\/v2\/posts"}],"about":[{"href":"https:\/\/redaccion1.fcpolit.unr.edu.ar\/comision-rosales\/wp-json\/wp\/v2\/types\/post"}],"author":[{"embeddable":true,"href":"https:\/\/redaccion1.fcpolit.unr.edu.ar\/comision-rosales\/wp-json\/wp\/v2\/users\/9"}],"replies":[{"embeddable":true,"href":"https:\/\/redaccion1.fcpolit.unr.edu.ar\/comision-rosales\/wp-json\/wp\/v2\/comments?post=2358"}],"version-history":[{"count":1,"href":"https:\/\/redaccion1.fcpolit.unr.edu.ar\/comision-rosales\/wp-json\/wp\/v2\/posts\/2358\/revisions"}],"predecessor-version":[{"id":3085,"href":"https:\/\/redaccion1.fcpolit.unr.edu.ar\/comision-rosales\/wp-json\/wp\/v2\/posts\/2358\/revisions\/3085"}],"wp:attachment":[{"href":"https:\/\/redaccion1.fcpolit.unr.edu.ar\/comision-rosales\/wp-json\/wp\/v2\/media?parent=2358"}],"wp:term":[{"taxonomy":"category","embeddable":true,"href":"https:\/\/redaccion1.fcpolit.unr.edu.ar\/comision-rosales\/wp-json\/wp\/v2\/categories?post=2358"},{"taxonomy":"post_tag","embeddable":true,"href":"https:\/\/redaccion1.fcpolit.unr.edu.ar\/comision-rosales\/wp-json\/wp\/v2\/tags?post=2358"}],"curies":[{"name":"wp","href":"https:\/\/api.w.org\/{rel}","templated":true}]}}