{"id":2345,"date":"2021-10-15T20:43:24","date_gmt":"2021-10-15T20:43:24","guid":{"rendered":"http:\/\/blogs-fcpolit.unr.edu.ar\/redaccion1-rosales\/?p=2345"},"modified":"2021-10-15T20:43:24","modified_gmt":"2021-10-15T20:43:24","slug":"silvina-tamous-no-me-interesa-ir-a-buscar-la-nota-yo-voy-a-buscar-la-historia","status":"publish","type":"post","link":"https:\/\/redaccion1.fcpolit.unr.edu.ar\/comision-rosales\/2021\/10\/15\/silvina-tamous-no-me-interesa-ir-a-buscar-la-nota-yo-voy-a-buscar-la-historia\/","title":{"rendered":"Silvina Tamous: \u201cNo me interesa ir a buscar la nota, yo voy a buscar la historia&quot;"},"content":{"rendered":"<p dir=\"ltr\"><em>Por Fiorella Bello, Luisina Llano, Lara Pendino y Juan Ignacio Monte*<\/em><\/p>\n<p dir=\"ltr\">En la ma\u00f1ana de hoy, tuvimos la suerte de poder hablar con la gran Silvina Tamous: comunicadora social graduada de nuestra Fcpolit, jefa de Redacci\u00f3n de El Ciudadano y due\u00f1a de este medio cooperativo. Una mujer que prefiere \u201cno hacer nada, antes que hacer cualquier cosa\u201d. Una maestra de la cr\u00f3nica con una remarcable trayectoria.<\/p>\n<p><a href=\"https:\/\/blogs.fcpolit.unr.edu.ar\/redaccion1-rosales\/files\/2021\/10\/Captura-de-Pantalla-2021-10-15-a-las-10.38.14.png\"><img loading=\"lazy\" decoding=\"async\" class=\"alignleft size-large wp-image-2347\" src=\"https:\/\/blogs.fcpolit.unr.edu.ar\/redaccion1-rosales\/files\/2021\/10\/Captura-de-Pantalla-2021-10-15-a-las-10.38.14-1024x640.png\" alt=\"\" width=\"640\" height=\"400\" \/><\/a>Silvina comenz\u00f3 la charla present\u00e1ndose y coment\u00e1ndonos c\u00f3mo uni\u00f3 su inter\u00e9s por la literatura con su profesi\u00f3n, el periodismo. En busca de este balance, encontr\u00f3 la cr\u00f3nica. Como uno de sus referentes nombr\u00f3 al escritor que abri\u00f3 las puertas de las cr\u00f3nicas latinoamericanas: Rodolfo Walsh, con su obra \u201cOperaci\u00f3n masacre\u201d.<\/p>\n<p>Trabaja en \u201cEl Ciudadano\u201d desde sus comienzos y, actualmente, se desempe\u00f1a como jefa de Redacci\u00f3n. A lo largo de su historia, el diario tuvo al mando muchos patrones; pero, desde 2016, se convirti\u00f3 en un medio cooperativo donde todos son due\u00f1os porque, en palabras de Silvina: \u201cNo nos qued\u00f3 otra\u201d. No es f\u00e1cil, hay que autogestionarse, tener una agenda y pelear por ella.<\/p>\n<p dir=\"ltr\">Como ejemplo de la diferencia entre los diarios tradicionales (con patrones) y los diarios cooperativos como \u00e9ste, la periodista coment\u00f3: \u201cUno como el nuestro tiene una mujer a cargo de la redacci\u00f3n, un diario como \u00e9ste puede decidir c\u00f3mo va a ser su perfil\u201d.<\/p>\n<p dir=\"ltr\">Tamous destac\u00f3 la apropiaci\u00f3n de la tapa del diario como algo importante en su transici\u00f3n a medio cooperativo. Antes, los patrones no dejaban a los periodistas elegir lo que va en la tapa; hoy, la tapa muestra la impronta del diario, es una parte muy importante, una declaraci\u00f3n de principios, es lo que piensa el medio, lo que se prioriza.<\/p>\n<p dir=\"ltr\"><a href=\"https:\/\/blogs.fcpolit.unr.edu.ar\/redaccion1-rosales\/files\/2021\/10\/Captura-de-Pantalla-2021-10-15-a-las-11.10.28.png\"><img loading=\"lazy\" decoding=\"async\" class=\"alignleft size-large wp-image-2346\" src=\"https:\/\/blogs.fcpolit.unr.edu.ar\/redaccion1-rosales\/files\/2021\/10\/Captura-de-Pantalla-2021-10-15-a-las-11.10.28-1024x640.png\" alt=\"\" width=\"640\" height=\"400\" \/><\/a><br \/>\nEn \u201cEl Ciudadano\u201d tienen muy definido qu\u00e9 es lo que piensa el diario como conjunto, m\u00e1s all\u00e1 de lo que piensa cada uno de los integrantes. Es un diario con una perspectiva de g\u00e9nero importante, sobre la que todos los integrantes fueron capacitados en el tema. Es un diario diversificado, amplio, que se abre \u201ca otras cosas\u201d.<\/p>\n<p dir=\"ltr\">Fueron el primer diario en cubrir f\u00fatbol femenino, tienen un suplemento de g\u00e9nero, tratan temas de ecolog\u00eda y buscan las fuentes \u201cen la calle\u201d: tienen intereses distintos a los diarios convencionales, a veces son le\u00eddos y a veces no, pero eso no les importa.<\/p>\n<p>Con respecto a su lugar como mujer dentro de los medios, cont\u00f3 su experiencia en los comienzos de su camino en la prensa. Hist\u00f3ricamente, en las redacciones no hab\u00eda mujeres, las trataban mal, ninguna ocupaba ning\u00fan cargo y se lo ten\u00edan que bancar. \u201cMe masculinic\u00e9 mucho para ocupar los cargos que ocup\u00e9 cuando no deber\u00eda, me cost\u00f3 ser jefa de Policiales por ser mujer\u201d, dijo. Adem\u00e1s, a modo de an\u00e9cdota, coment\u00f3 que \u201cconoce a mujeres a las que no dejaban sentarse, las hac\u00edan quedarse paradas\u201d, como modo de mostrar que nos las quer\u00edan en las redacciones.<\/p>\n<p dir=\"ltr\">Cuando en el diario se trabajaba de manera presencial, ante de la pandemia, en un pizarr\u00f3n anotaban las \u201cmachiruleadas\u201d para no dejarlas pasar, se acumulaban cruces y se compensaban pagando con cervezas. Era una forma de detectar los micromachismos y funcion\u00f3. Desde el diario buscan una construcci\u00f3n con varones y mujeres.Como opini\u00f3n personal, dijo que la igualdad va a existir cuando dejen de exigir a las mujeres ser brillantes para ser jefas. &#8220;El d\u00eda que una mujer muy est\u00fapida sea jefa, como lo son todos los hombres est\u00fapidos que ocupan los lugares de jefe desde siempre, habr\u00e1 igualdad&#8221;, sentenci\u00f3.<\/p>\n<p><a href=\"https:\/\/blogs.fcpolit.unr.edu.ar\/redaccion1-rosales\/files\/2021\/10\/Captura-de-Pantalla-2021-10-15-a-las-10.41.10.png\"><img loading=\"lazy\" decoding=\"async\" class=\"alignleft size-large wp-image-2348\" src=\"https:\/\/blogs.fcpolit.unr.edu.ar\/redaccion1-rosales\/files\/2021\/10\/Captura-de-Pantalla-2021-10-15-a-las-10.41.10-1024x640.png\" alt=\"\" width=\"640\" height=\"400\" \/><\/a>Habl\u00f3 sobre la producci\u00f3n de textos digitales y c\u00f3mo tuvo que adaptarse a esta nueva forma de hacer periodismo. \u201cCada red social tiene un lenguaje distinto\u201d, acord\u00f3. Desde \u201cEl Ciudadano\u201d no escriben ni publican lo mismo en la web, en el papel, en Instagram o en Facebook. A pesar de que este medio sea un diario, dijo que &#8220;no hay que despegarse de lo audiovisual&#8221;. Con respecto a la forma de escribir estos textos, la comunicadora desmitific\u00f3 el dicho de que para redes sociales o sitios web se necesitan noticias cortas: \u201cNada es tan infalible como una buena historia, toda buena historia se lee\u201d.<\/p>\n<p>Por \u00faltimo, pero no menos importante, hay que destacar lo tips que nos comparti\u00f3 sobre la producci\u00f3n de sus textos:<br \/>\n&#8211; Al momento de escribir, hay que contar una historia y saber d\u00f3nde nos paramos.<br \/>\n&#8211; La edici\u00f3n del texto comienza antes de ser escrito.<br \/>\n&#8211; Hay que preguntarse a uno mismo \u00bfqu\u00e9 quer\u00e9s contar? \u00bfQu\u00e9 te conmovi\u00f3?<br \/>\n&#8211; Hay que crear escenas con detalles y contexto.<\/p>\n<p>Nos despedimos de Silvina despu\u00e9s de una charla por dem\u00e1s de interesante que dur\u00f3 casi una hora (y ojal\u00e1 hubiera durado mucho m\u00e1s).<\/p>\n<p>Como cierre, queremos recomendarles a todos los que no pudieron participar que se tomen un ratito para <a href=\"https:\/\/drive.google.com\/file\/d\/1cOLUzJWBVlbVNQlHRjDrZRZUHBGcqIRU\/view?usp=sharing\">ver el video de esta charla<\/a> y de todas las anteriores ya que son una gran forma de aprender sobre nuestra futura profesi\u00f3n. Como dijo Marcos, estos encuentros nos ayudan a ver \u201cla cocina del periodismo\u201d.<\/p>\n<p>PD: no se olviden que el pr\u00f3ximo viernes recibimos a la s\u00e9ptima invitada, Eugenia Langone. Y el viernes 29 tenemos el \u00faltimo encuentro de este hermoso ciclo de entrevistas a comunicadores productores de texto. \u00bfEl invitado? Diego Rottman.<\/p>\n<p>*Estudiantes de Redacci\u00f3n 1. Comunicaci\u00f3n Social, UNR.<\/p>\n","protected":false},"excerpt":{"rendered":"<p>Por Fiorella Bello, Luisina Llano, Lara Pendino y Juan Ignacio Monte* En la ma\u00f1ana de hoy, tuvimos la suerte de poder hablar con la gran Silvina Tamous: comunicadora social graduada de nuestra Fcpolit, jefa de Redacci\u00f3n de El Ciudadano y due\u00f1a de este medio cooperativo. Una mujer que prefiere \u201cno hacer nada, antes que hacer [&hellip;]<\/p>\n","protected":false},"author":9,"featured_media":0,"comment_status":"open","ping_status":"open","sticky":false,"template":"","format":"standard","meta":{"footnotes":""},"categories":[11,13],"tags":[],"_links":{"self":[{"href":"https:\/\/redaccion1.fcpolit.unr.edu.ar\/comision-rosales\/wp-json\/wp\/v2\/posts\/2345"}],"collection":[{"href":"https:\/\/redaccion1.fcpolit.unr.edu.ar\/comision-rosales\/wp-json\/wp\/v2\/posts"}],"about":[{"href":"https:\/\/redaccion1.fcpolit.unr.edu.ar\/comision-rosales\/wp-json\/wp\/v2\/types\/post"}],"author":[{"embeddable":true,"href":"https:\/\/redaccion1.fcpolit.unr.edu.ar\/comision-rosales\/wp-json\/wp\/v2\/users\/9"}],"replies":[{"embeddable":true,"href":"https:\/\/redaccion1.fcpolit.unr.edu.ar\/comision-rosales\/wp-json\/wp\/v2\/comments?post=2345"}],"version-history":[{"count":0,"href":"https:\/\/redaccion1.fcpolit.unr.edu.ar\/comision-rosales\/wp-json\/wp\/v2\/posts\/2345\/revisions"}],"wp:attachment":[{"href":"https:\/\/redaccion1.fcpolit.unr.edu.ar\/comision-rosales\/wp-json\/wp\/v2\/media?parent=2345"}],"wp:term":[{"taxonomy":"category","embeddable":true,"href":"https:\/\/redaccion1.fcpolit.unr.edu.ar\/comision-rosales\/wp-json\/wp\/v2\/categories?post=2345"},{"taxonomy":"post_tag","embeddable":true,"href":"https:\/\/redaccion1.fcpolit.unr.edu.ar\/comision-rosales\/wp-json\/wp\/v2\/tags?post=2345"}],"curies":[{"name":"wp","href":"https:\/\/api.w.org\/{rel}","templated":true}]}}