{"id":2259,"date":"2021-09-17T16:57:47","date_gmt":"2021-09-17T16:57:47","guid":{"rendered":"http:\/\/blogs-fcpolit.unr.edu.ar\/redaccion1-rosales\/?p=2259"},"modified":"2024-03-29T08:02:47","modified_gmt":"2024-03-29T11:02:47","slug":"resumen-de-la-clase-viernes","status":"publish","type":"post","link":"https:\/\/redaccion1.fcpolit.unr.edu.ar\/comision-rosales\/2021\/09\/17\/resumen-de-la-clase-viernes\/","title":{"rendered":"Resumen de la clase. Viernes 17 de septiembre"},"content":{"rendered":"<p class=\"p1\"><em>Por Juli\u00e1n Medina*<\/em><\/p>\n<p class=\"p1\">Empieza un viernes nuevo, 17 de septiembre, d\u00eda del profesor por la muerte de Jose Manuel Estrada, bajo un rayo solar c\u00e1lido para empezar la ma\u00f1ana, diferente.<\/p>\n<p class=\"p1\">Es regresar, dijo la profe. Empezamos la clase a las 8:00 pero no tras la pantalla como siempre, cambiamos la c\u00e1mara por el barbijo, la pantalla por los ojos, y el nombre desapareci\u00f3, pudimos volver a la presencialidad, \u00e9ramos muchos, pero en un aula tan \u201cChica\u201d que nos quedaba enorme para ser nuestra primera experiencia en la clase de la profe Rosales.\u00a0<a href=\"https:\/\/blogs.fcpolit.unr.edu.ar\/redaccion1-rosales\/files\/2021\/09\/WhatsApp-Image-2021-09-17-at-13.42.11.jpeg\"><img loading=\"lazy\" decoding=\"async\" class=\"alignleft size-large wp-image-2260\" src=\"https:\/\/blogs.fcpolit.unr.edu.ar\/redaccion1-rosales\/files\/2021\/09\/WhatsApp-Image-2021-09-17-at-13.42.11-1024x768.jpeg\" alt=\"\" width=\"640\" height=\"480\" \/><\/a><\/p>\n<p class=\"p1\">Como actividad para sacar la verg\u00fcenza y despertarnos, pero fundamentalmente para registrar este d\u00eda, nos solicitaron escribir <a href=\"https:\/\/blogs-fcpolit.unr.edu.ar\/redaccion1-rosales\/2021\/09\/16\/primer-encuentro-presencial-en-la-facultad\/\">un texto<\/a> sobre las primeras sensaciones a la llegada a la facultad: entre muchas emociones y risas, pudimos leer todos, el clima mejor\u00f3, ahora se sent\u00eda un aire de comodidad.<\/p>\n<p class=\"p1\">Luego tuvimos que leer el tema, hip\u00f3tesis y <a href=\"https:\/\/blogs-fcpolit.unr.edu.ar\/programa\/2020\/07\/29\/trabajo-practico-textos-expositivos\/\"><span class=\"s1\">fuentes del integrador 4.1,\u00a0<\/span><\/a>nos hicimos aportes mutuamente s, nos fuimos guiando y ayudando a perfeccionar lo hablado.<\/p>\n<p class=\"p1\"><a href=\"https:\/\/blogs.fcpolit.unr.edu.ar\/redaccion1-rosales\/files\/2021\/09\/WhatsApp-Image-2021-09-17-at-13.43.35.jpeg\"><img loading=\"lazy\" decoding=\"async\" class=\"alignleft size-large wp-image-2261\" src=\"https:\/\/blogs.fcpolit.unr.edu.ar\/redaccion1-rosales\/files\/2021\/09\/WhatsApp-Image-2021-09-17-at-13.43.35-1024x768.jpeg\" alt=\"\" width=\"640\" height=\"480\" \/><\/a>La profesora nos inform\u00f3 que la<span class=\"Apple-converted-space\">\u00a0 <\/span>semana que viene empezaremos con la <a href=\"https:\/\/blogs-fcpolit.unr.edu.ar\/programa\/2020\/07\/29\/unidad-4-2-textos-conversacionales\/\"><span class=\"s1\">unidad 4.2<\/span><\/a>, tratando las entrevistas. El viernes 1\/10 no tendremos clases por mesa de ex\u00e1menes, pero nos queda a cargo el trabajo <a href=\"https:\/\/blogs-fcpolit.unr.edu.ar\/programa\/2020\/07\/29\/trabajo-practico-unidad-4-2-textos-conversacionales\/\"><span class=\"s1\">integrador de la unidad 4.2<\/span><\/a> para realizar que se enfoca sobre las entrevistas. Sobre este trabajo conversaremos el pr\u00f3ximo viernes.<\/p>\n<p class=\"p1\">Finalizando el d\u00eda, ya con el invitado a charlar sobre producci\u00f3n de textos en el aula, dejamos varios trabajos sin discutir, pero habiendo solucionado muchas dudas dispersas.<\/p>\n<p class=\"p1\">Quien necesite consultar respecto del trabajo, que no haya podido exponer en clase, le puede escribir a la profesora, mandando el tema, hip\u00f3tesis y fuentes, con las dudas correspondientes de cualquiera de los tres para poder ajustar el proyecto, que se desarrolla en el Integrador 4.1. Podr\u00e1n intercambiar por correo o coordinar una consulta por meet.\u00a0<strong>La entrega del trabajo es por mail el mi\u00e9rcoles 22 de septiembre.<\/strong><\/p>\n<p class=\"p1\">\u00a1Buen comienzo en el aula presencial!<\/p>\n<p><em>*Estudiante de Redacci\u00f3n 1. Comunicaci\u00f3n Social. UNR.<\/em><\/p>\n","protected":false},"excerpt":{"rendered":"<p>Por Juli\u00e1n Medina* Empieza un viernes nuevo, 17 de septiembre, d\u00eda del profesor por la muerte de Jose Manuel Estrada, bajo un rayo solar c\u00e1lido para empezar la ma\u00f1ana, diferente. Es regresar, dijo la profe. Empezamos la clase a las 8:00 pero no tras la pantalla como siempre, cambiamos la c\u00e1mara por el barbijo, la [&hellip;]<\/p>\n","protected":false},"author":9,"featured_media":0,"comment_status":"open","ping_status":"open","sticky":false,"template":"","format":"standard","meta":{"footnotes":""},"categories":[6],"tags":[],"_links":{"self":[{"href":"https:\/\/redaccion1.fcpolit.unr.edu.ar\/comision-rosales\/wp-json\/wp\/v2\/posts\/2259"}],"collection":[{"href":"https:\/\/redaccion1.fcpolit.unr.edu.ar\/comision-rosales\/wp-json\/wp\/v2\/posts"}],"about":[{"href":"https:\/\/redaccion1.fcpolit.unr.edu.ar\/comision-rosales\/wp-json\/wp\/v2\/types\/post"}],"author":[{"embeddable":true,"href":"https:\/\/redaccion1.fcpolit.unr.edu.ar\/comision-rosales\/wp-json\/wp\/v2\/users\/9"}],"replies":[{"embeddable":true,"href":"https:\/\/redaccion1.fcpolit.unr.edu.ar\/comision-rosales\/wp-json\/wp\/v2\/comments?post=2259"}],"version-history":[{"count":1,"href":"https:\/\/redaccion1.fcpolit.unr.edu.ar\/comision-rosales\/wp-json\/wp\/v2\/posts\/2259\/revisions"}],"predecessor-version":[{"id":3094,"href":"https:\/\/redaccion1.fcpolit.unr.edu.ar\/comision-rosales\/wp-json\/wp\/v2\/posts\/2259\/revisions\/3094"}],"wp:attachment":[{"href":"https:\/\/redaccion1.fcpolit.unr.edu.ar\/comision-rosales\/wp-json\/wp\/v2\/media?parent=2259"}],"wp:term":[{"taxonomy":"category","embeddable":true,"href":"https:\/\/redaccion1.fcpolit.unr.edu.ar\/comision-rosales\/wp-json\/wp\/v2\/categories?post=2259"},{"taxonomy":"post_tag","embeddable":true,"href":"https:\/\/redaccion1.fcpolit.unr.edu.ar\/comision-rosales\/wp-json\/wp\/v2\/tags?post=2259"}],"curies":[{"name":"wp","href":"https:\/\/api.w.org\/{rel}","templated":true}]}}