{"id":2194,"date":"2021-08-13T18:38:04","date_gmt":"2021-08-13T18:38:04","guid":{"rendered":"http:\/\/blogs-fcpolit.unr.edu.ar\/redaccion1-rosales\/?p=2194"},"modified":"2024-03-29T08:04:24","modified_gmt":"2024-03-29T11:04:24","slug":"resumen-de-la-clase-viernes-13-de-agosto","status":"publish","type":"post","link":"https:\/\/redaccion1.fcpolit.unr.edu.ar\/comision-rosales\/2021\/08\/13\/resumen-de-la-clase-viernes-13-de-agosto\/","title":{"rendered":"Resumen de la clase. Viernes 13 de agosto"},"content":{"rendered":"<p class=\"p2\"><em>Por Facundo Fresia.<\/em><\/p>\n<p class=\"p2\">En la clase de hoy, empezamos como en el mundo del rev\u00e9s. Las noticias primero y, el ida y vuelta sobre el material trabajado en la semana despu\u00e9s.<span class=\"Apple-converted-space\">\u00a0<\/span><\/p>\n<p><img loading=\"lazy\" decoding=\"async\" class=\"alignleft size-large wp-image-2195\" src=\"https:\/\/blogs.fcpolit.unr.edu.ar\/redaccion1-rosales\/files\/2021\/08\/Captura-de-Pantalla-2021-08-13-a-las-09.50.03-1024x640.png\" alt=\"\" width=\"640\" height=\"400\" \/><\/p>\n<p class=\"p2\">A muchos, estas noticias nos provocaron elevados niveles de ansiedad y nervios. La profe, nos anticip\u00f3 sobre el \u201c<a href=\"https:\/\/blogs-fcpolit.unr.edu.ar\/programa\/2020\/07\/28\/trabajo-pactico-unidad-3-los-textos-y-sus-significados\/\">trabajo pr\u00e1ctico integrador 3<\/a>\u201d , que para los alumnos es algo de qu\u00e9 preocuparse. Pero ojo, no todo es tan ca\u00f3tico. Y como dijo alguna vez Cerati \u201csacar belleza de este caos, es virtud\u201d. Lo bueno, que redujo un poco toda esa paranoia, es que tenemos 2 semanas para realizarlo e ir vi\u00e9ndolo. La fecha de entrega reci\u00e9n ser\u00eda el 27\/8. Ese mismo viernes habr\u00e1 un taller donde compartiremos y afinaremos las ideas para el \u201ctrabajo pr\u00e1ctico final\u201d.<\/p>\n<p><!--more--><\/p>\n<p class=\"p2\">La semana que viene no habr\u00e1 clases. Pero, se nos dio la oportunidad de organizar una clase consulta y \u201cdespeja dudas\u201d de cara al parcial del 30\/8. Tampoco debemos leer nuevo material, pero es recomendable ir leyendo lo que se nos dio, para no llegar con una crisis a 2 d\u00edas del parcial. Lo digo por experiencia.<\/p>\n<p class=\"p2\">Con todo esto, cerrar\u00eda lo que es el mes de agosto. Y a modo de spoiler, Marcos nos adelant\u00f3 cositas de una parte de <a href=\"https:\/\/blogs-fcpolit.unr.edu.ar\/redaccion1-rosales\/2021\/08\/10\/ciclo-de-conversaciones-con-comunicadores-productores-de-textos\/\">lo que se viene en septiembre<\/a>. Nos cont\u00f3 que confirmaron 7 de 8 comunicadores, y que se mostraron realmente interesados. Estas entrevistas comenzar\u00edan el 3\/9.<span class=\"Apple-converted-space\">\u00a0<\/span><\/p>\n<p class=\"p2\">\u00a1Atenci\u00f3n! Porque hubo un spoiler m\u00e1s\u2026 Marcela nos cont\u00f3 sobre los tan esperados encuentros presenciales. Nos dijo algo de 3 fechas tentativas coincidentes con fechas de entregas previas del \u201ctrabajo pr\u00e1ctico final\u201d. Tambi\u00e9n dijo que para quienes no podr\u00edan asistir, iba a evaluar para hacer un aula h\u00edbrida.<span class=\"Apple-converted-space\">\u00a0<\/span><\/p>\n<p class=\"p2\">Finalmente, la clase cerr\u00f3 hablando sobre el \u201ctrabajo pr\u00e1ctico 5\u201d, y c\u00f3mo el modo de escribir de Leo Masl\u00edah nos hizo dudar de la coherencia de su cuento \u201cLa tortuga\u201d.<\/p>\n<p class=\"p2\">Ac\u00e1 culminar\u00eda el resumen de la clase de hoy. Disfruten del fin de semana largo. Cu\u00eddense sobre todo. \u00a1Nos vemos la pr\u00f3xima!<\/p>\n<p>&nbsp;<\/p>\n","protected":false},"excerpt":{"rendered":"<p>Por Facundo Fresia. En la clase de hoy, empezamos como en el mundo del rev\u00e9s. Las noticias primero y, el ida y vuelta sobre el material trabajado en la semana despu\u00e9s.\u00a0 A muchos, estas noticias nos provocaron elevados niveles de ansiedad y nervios. La profe, nos anticip\u00f3 sobre el \u201ctrabajo pr\u00e1ctico integrador 3\u201d , que [&hellip;]<\/p>\n","protected":false},"author":9,"featured_media":0,"comment_status":"open","ping_status":"open","sticky":false,"template":"","format":"standard","meta":{"footnotes":""},"categories":[6],"tags":[],"_links":{"self":[{"href":"https:\/\/redaccion1.fcpolit.unr.edu.ar\/comision-rosales\/wp-json\/wp\/v2\/posts\/2194"}],"collection":[{"href":"https:\/\/redaccion1.fcpolit.unr.edu.ar\/comision-rosales\/wp-json\/wp\/v2\/posts"}],"about":[{"href":"https:\/\/redaccion1.fcpolit.unr.edu.ar\/comision-rosales\/wp-json\/wp\/v2\/types\/post"}],"author":[{"embeddable":true,"href":"https:\/\/redaccion1.fcpolit.unr.edu.ar\/comision-rosales\/wp-json\/wp\/v2\/users\/9"}],"replies":[{"embeddable":true,"href":"https:\/\/redaccion1.fcpolit.unr.edu.ar\/comision-rosales\/wp-json\/wp\/v2\/comments?post=2194"}],"version-history":[{"count":1,"href":"https:\/\/redaccion1.fcpolit.unr.edu.ar\/comision-rosales\/wp-json\/wp\/v2\/posts\/2194\/revisions"}],"predecessor-version":[{"id":3102,"href":"https:\/\/redaccion1.fcpolit.unr.edu.ar\/comision-rosales\/wp-json\/wp\/v2\/posts\/2194\/revisions\/3102"}],"wp:attachment":[{"href":"https:\/\/redaccion1.fcpolit.unr.edu.ar\/comision-rosales\/wp-json\/wp\/v2\/media?parent=2194"}],"wp:term":[{"taxonomy":"category","embeddable":true,"href":"https:\/\/redaccion1.fcpolit.unr.edu.ar\/comision-rosales\/wp-json\/wp\/v2\/categories?post=2194"},{"taxonomy":"post_tag","embeddable":true,"href":"https:\/\/redaccion1.fcpolit.unr.edu.ar\/comision-rosales\/wp-json\/wp\/v2\/tags?post=2194"}],"curies":[{"name":"wp","href":"https:\/\/api.w.org\/{rel}","templated":true}]}}