{"id":2081,"date":"2021-06-03T12:18:39","date_gmt":"2021-06-03T12:18:39","guid":{"rendered":"http:\/\/blogs-fcpolit.unr.edu.ar\/redaccion1-rosales\/?p=2081"},"modified":"2024-03-29T08:08:34","modified_gmt":"2024-03-29T11:08:34","slug":"resumen-de-la-clase-miercoles-2-de-junio","status":"publish","type":"post","link":"https:\/\/redaccion1.fcpolit.unr.edu.ar\/comision-rosales\/2021\/06\/03\/resumen-de-la-clase-miercoles-2-de-junio\/","title":{"rendered":"Resumen de la clase. Mi\u00e9rcoles 2 de junio"},"content":{"rendered":"<p><em><strong><img loading=\"lazy\" decoding=\"async\" class=\" alignleft\" src=\"https:\/\/imagenes.elpais.com\/resizer\/FzGVvtSzy9uVF9gd1wU-X0qq9lo=\/394x295\/cloudfront-eu-central-1.images.arcpublishing.com\/prisa\/REMPDAIHC2DKPYI2SJ63SJP6JY.jpg\" width=\"270\" height=\"202\" \/><\/strong><\/em><\/p>\n<p>&nbsp;<\/p>\n<p><em><strong>Sin mujeres en la universidad y en los medios, sin acceso a la educaci\u00f3n y sin diversidad en las noticias, no hay #NiUnaMenos*<\/strong><\/em><\/p>\n<p>&nbsp;<\/p>\n<p>&nbsp;<\/p>\n<p>Como hab\u00edamos adelantado, esta semana no hicimos encuentro de discusi\u00f3n te\u00f3rica, sino que avanzamos en la pr\u00e1ctica, para afianzar las herramientas para resolver el <a href=\"https:\/\/blogs-fcpolit.unr.edu.ar\/programa\/2020\/03\/08\/trabajo-practico-1-planificar-y-redactar\/\">trabajo integrador 1<\/a>, con el que damos cierre (\u00a1ya!) a la primera unidad de Redacci\u00f3n 1.<\/p>\n<p>As\u00ed que revisamos el trabajo pr\u00e1ctico 1, como modelo para entrar al Integrador (cuya consigna tambi\u00e9n revisamos) sin perder detalles del proceso de producci\u00f3n de textos. Fue en un meet de una hora. Quien necesite revisar algo de ese encuentro, recuerde que est\u00e1 disponible la grabaci\u00f3n.<\/p>\n<p>Para el mi\u00e9rcoles 9, entonces, queda la entrega del Trabajo Integrador, por correo electr\u00f3nico a marcelavrosales@gmail.com, con las pautas formales que ya aprendimos. La entrega se puede extender hasta el final de ese d\u00eda.<\/p>\n<p>Adem\u00e1s, ese mismo mi\u00e9rcoles 9, a las 8, por vivo de Facebook comenzamos la Unidad 2 &#8220;<a href=\"https:\/\/blogs-fcpolit.unr.edu.ar\/programa\/2020\/03\/09\/redactar-para-el-lector\/\">Redactar para el lector<\/a>&#8220;. Y a las 9, nos encontramos a discutir la teor\u00eda que debemos estudiar:<\/p>\n<p><!--more-->Del libro\u00a0<a href=\"https:\/\/drive.google.com\/file\/d\/1w-Ai8nouvktOkZXyoFj18sWiMjDx0QcL\/view?usp=sharing\" target=\"_blank\" rel=\"noopener\">\u00abTras las l\u00edneas. Sobre la lectura contempor\u00e1nea\u00bb<\/a>\u00a0(2006) de Daniel Cassany,\u00a0 el cap\u00edtulo Leer desde la comunidad\u00bb donde ofrece una interesante respuesta a\u00a0 \u201c\u00bfQu\u00e9 es leer?\u201d.<\/p>\n<p><a href=\"https:\/\/drive.google.com\/file\/d\/1TexRMThPbtmXkkk8sY6gNpI5ly56NFi1\/view?usp=sharing\" target=\"_blank\" rel=\"noopener\">\u201cEl proceso de lectura, una actividad con facetas diversas\u201d<\/a>, de Claudia Mazza (2005).<\/p>\n<p><span id=\"more-1540\"><\/span>Y para recorrer las principales transformaciones hist\u00f3ricas de las pr\u00e1cticas de lectura, tenemos dos propuestas muy bellas:\u00a0<a href=\"https:\/\/drive.google.com\/file\/d\/1hh4EvvD5Wl6-4Qa5GKg2qBy6xuHyUy1J\/view?usp=sharing\" target=\"_blank\" rel=\"noopener\">La influencia de los soportes textuales en las pr\u00e1cticas de lectura: un recorrido por la historia de los textos escritos, una ficha de la c\u00e1tedra de Redacci\u00f3n 1<\/a>, elaborada por la profesora Cecilia Reviglio; y de\u00a0<a href=\"https:\/\/drive.google.com\/file\/d\/11QPlcD-4buGnLow8ZuAcR9BbubrAgxJe\/view?usp=sharing\" target=\"_blank\" rel=\"noopener\">\u201cEnsayo sobre las<span class=\"Apple-converted-space\">\u00a0\u00a0<\/span>mutaciones del texto y la lectura. Met\u00e1foras de la lectura\u201d<\/a>, de Christian Vandendorpe (1999).<\/p>\n<p><em>*Esta semana conmemoramos el sexto #3J, grito de #NiUnaMenos que tuvo su triste origen en Santa Fe y cuya fuerza ha dado la vuelta al mundo. Vivimos en un proceso hist\u00f3rico y desde la Universidad tenemos la responsabilidad de la transformaci\u00f3n para la igualdad y la justicia de g\u00e9neros.<\/em><\/p>\n","protected":false},"excerpt":{"rendered":"<p>&nbsp; Sin mujeres en la universidad y en los medios, sin acceso a la educaci\u00f3n y sin diversidad en las noticias, no hay #NiUnaMenos* &nbsp; &nbsp; Como hab\u00edamos adelantado, esta semana no hicimos encuentro de discusi\u00f3n te\u00f3rica, sino que avanzamos en la pr\u00e1ctica, para afianzar las herramientas para resolver el trabajo integrador 1, con el [&hellip;]<\/p>\n","protected":false},"author":9,"featured_media":0,"comment_status":"open","ping_status":"open","sticky":false,"template":"","format":"standard","meta":{"footnotes":""},"categories":[6],"tags":[],"_links":{"self":[{"href":"https:\/\/redaccion1.fcpolit.unr.edu.ar\/comision-rosales\/wp-json\/wp\/v2\/posts\/2081"}],"collection":[{"href":"https:\/\/redaccion1.fcpolit.unr.edu.ar\/comision-rosales\/wp-json\/wp\/v2\/posts"}],"about":[{"href":"https:\/\/redaccion1.fcpolit.unr.edu.ar\/comision-rosales\/wp-json\/wp\/v2\/types\/post"}],"author":[{"embeddable":true,"href":"https:\/\/redaccion1.fcpolit.unr.edu.ar\/comision-rosales\/wp-json\/wp\/v2\/users\/9"}],"replies":[{"embeddable":true,"href":"https:\/\/redaccion1.fcpolit.unr.edu.ar\/comision-rosales\/wp-json\/wp\/v2\/comments?post=2081"}],"version-history":[{"count":1,"href":"https:\/\/redaccion1.fcpolit.unr.edu.ar\/comision-rosales\/wp-json\/wp\/v2\/posts\/2081\/revisions"}],"predecessor-version":[{"id":3121,"href":"https:\/\/redaccion1.fcpolit.unr.edu.ar\/comision-rosales\/wp-json\/wp\/v2\/posts\/2081\/revisions\/3121"}],"wp:attachment":[{"href":"https:\/\/redaccion1.fcpolit.unr.edu.ar\/comision-rosales\/wp-json\/wp\/v2\/media?parent=2081"}],"wp:term":[{"taxonomy":"category","embeddable":true,"href":"https:\/\/redaccion1.fcpolit.unr.edu.ar\/comision-rosales\/wp-json\/wp\/v2\/categories?post=2081"},{"taxonomy":"post_tag","embeddable":true,"href":"https:\/\/redaccion1.fcpolit.unr.edu.ar\/comision-rosales\/wp-json\/wp\/v2\/tags?post=2081"}],"curies":[{"name":"wp","href":"https:\/\/api.w.org\/{rel}","templated":true}]}}