{"id":2008,"date":"2021-04-27T12:53:07","date_gmt":"2021-04-27T12:53:07","guid":{"rendered":"http:\/\/blogs-fcpolit.unr.edu.ar\/redaccion1-rosales\/?p=2008"},"modified":"2024-03-29T08:06:04","modified_gmt":"2024-03-29T11:06:04","slug":"con-ustedes-redaccion-1","status":"publish","type":"post","link":"https:\/\/redaccion1.fcpolit.unr.edu.ar\/comision-rosales\/2021\/04\/27\/con-ustedes-redaccion-1\/","title":{"rendered":"\u00a1Con ustedes, Redacci\u00f3n 1!"},"content":{"rendered":"<p>\u00a1Pasen por aqu\u00ed, estudiantes de comisiones de los Mi\u00e9rcoles de 8 a 11 y de los Viernes de 8 a 11! <strong>Este ser\u00e1 parte de nuestro espacio de encuentro durante 2021,<\/strong> en nuestra aventura compartida en la Universidad P\u00fablica.<\/p>\n<p>La situaci\u00f3n de pandemia nos convoca ya desde hace m\u00e1s de un a\u00f1o a reunirnos a trav\u00e9s de las herramientas de la virtualidad, y cada participante -docentes, ayudantes y estudiantes- pondr\u00e1 lo mejor de s\u00ed para que sea un encuentro afectivo, respetuoso, activo, que favorezca nuestro principal objetivo: el aprendizaje de la redacci\u00f3n.<\/p>\n<figure id=\"attachment_2009\" aria-describedby=\"caption-attachment-2009\" style=\"width: 300px\" class=\"wp-caption alignleft\"><a href=\"https:\/\/blogs.fcpolit.unr.edu.ar\/redaccion1-rosales\/files\/2021\/04\/WhatsApp-Image-2021-04-27-at-08.30.12.jpeg\"><img loading=\"lazy\" decoding=\"async\" class=\"size-medium wp-image-2009\" src=\"https:\/\/blogs.fcpolit.unr.edu.ar\/redaccion1-rosales\/files\/2021\/04\/WhatsApp-Image-2021-04-27-at-08.30.12-300x225.jpeg\" alt=\"\" width=\"300\" height=\"225\" \/><\/a><figcaption id=\"caption-attachment-2009\" class=\"wp-caption-text\">Marcela Rosales<\/figcaption><\/figure>\n<p>Este posteo es com\u00fan para ambas comisiones, pero a partir de la primera clase, cada una estudiante deber\u00e1 ingresar a la etiqueta de la comisi\u00f3n que le corresponde.\u00a0<em>(Debajo de cada posteo o buscando en el men\u00fa derecho, hacia el final, 2021, y la etiqueta que les corresponda).<\/em><\/p>\n<p><span id=\"more-1742\"><\/span>Si les interesa comenzar a mirar algo de c\u00f3mo trabajaremos en Redacci\u00f3n, pueden ir leyendo esta\u00a0<a href=\"https:\/\/blogs.fcpolit.unr.edu.ar\/redaccion1-rosales\/2021\/04\/27\/orientaciones-pa\u2026r-redaccion-2021\/\">gu\u00eda para orientarse en el cursado de Redacci\u00f3n<\/a>. De cualquier manera, todo lo abordaremos en\u00a0<strong>nuestro primer encuentro virtual,\u00a0<\/strong>cada estudiante en su respectiva comisi\u00f3n:<\/p>\n<p><strong>Mi\u00e9rcoles 5 de mayo,<\/strong>\u00a0a las 8, por aqu\u00ed:\u00a0<span class=\"d2edcug0 hpfvmrgz qv66sw1b c1et5uql oi732d6d ik7dh3pa ht8s03o8 jq4qci2q a3bd9o3v knj5qynh oo9gr5id\"><a class=\"oajrlxb2 g5ia77u1 qu0x051f esr5mh6w e9989ue4 r7d6kgcz rq0escxv nhd2j8a9 nc684nl6 p7hjln8o kvgmc6g5 cxmmr5t8 oygrvhab hcukyx3x jb3vyjys rz4wbd8a qt6c0cv9 a8nywdso i1ao9s8h esuyzwwr f1sip0of lzcic4wl py34i1dx gpro0wi8\" role=\"link\" href=\"https:\/\/l.facebook.com\/l.php?u=https%3A%2F%2Fmeet.google.com%2Ftgq-iddf-huq%3Ffbclid%3DIwAR0CU6NfglG7p047Vbo__9MZ3pv6Lh2wBTNjnc4-4Yf2ZDNkx9NzM_ZD4TY&amp;h=AT3TFEh9vqGobCfXzKdwF9DOAy81aKT3oJ9c3Z_yYCX1KvmEPqJu0ltKriJVpVkdWlnxs9AfLTrd0T36_N9f0nGhHtWqntcQr34VMpAp5rKM6eA_A9uz_E5aHUMXwy0kcwKQAw&amp;__tn__=-UK-R&amp;c[0]=AT2xl3n-Vo1rh41B9DUh9M15oUCdN8HQ532A6WSfdLHy4pm7N2gk6Mq3lM0yXv4-oiOttbQ3rjU1jBTX7eD0Sjh5uUMMNAfn1s3DCXs3V9NYDwFnXU2eiJaND0JS-Z4ZXY-kNcUnM-wi83sdCGu9pjXmQ4nsHMgiF2I\" target=\"_blank\" rel=\"nofollow noopener\">meet.google.com\/tgq-iddf-huq<\/a><\/span><\/p>\n<p><strong>Viernes 7 de mayo,<\/strong>\u00a0a las 8, por aqu\u00ed:\u00a0<span class=\"d2edcug0 hpfvmrgz qv66sw1b c1et5uql oi732d6d ik7dh3pa ht8s03o8 jq4qci2q a3bd9o3v knj5qynh oo9gr5id\"><a class=\"oajrlxb2 g5ia77u1 qu0x051f esr5mh6w e9989ue4 r7d6kgcz rq0escxv nhd2j8a9 nc684nl6 p7hjln8o kvgmc6g5 cxmmr5t8 oygrvhab hcukyx3x jb3vyjys rz4wbd8a qt6c0cv9 a8nywdso i1ao9s8h esuyzwwr f1sip0of lzcic4wl py34i1dx gpro0wi8\" role=\"link\" href=\"https:\/\/meet.google.com\/cud-iohe-wnm?fbclid=IwAR3Npg5d3MWPv908Hs1XixzEPkbuywkdCEGL_bBDGkgVKvsu5jSz824IfcI\" target=\"_blank\" rel=\"nofollow noopener\">meet.google.com\/cud-iohe-wnm<\/a><\/span><\/p>\n<p>Adem\u00e1s, entre todos los espacios que componen esta gran aula de Redacci\u00f3n que ya ir\u00e1n conociendo, tenemos este <strong>grupo privado de Facebook,<\/strong> al que ya pueden ir solicitando unirse: 2021. <a href=\"https:\/\/www.facebook.com\/groups\/redaccionrosales\">Redacci\u00f3n 1. Comisiones Rosales\u00a0<\/a><\/p>\n<p>Tambi\u00e9n me pueden <strong>contactar por mail:<\/strong> marcelavrosales@gmail.com<\/p>\n<p>En cada comisi\u00f3n, tenemos la valiosa compa\u00f1\u00eda de una ayudante de c\u00e1tedra:<\/p>\n<p>Comisi\u00f3n mi\u00e9rcoles:<strong> Dorina Navas \/\u00a0<\/strong><a class=\"rABsFf RffVmb AL18ce\" href=\"mailto:dorinanavas@gmail.com\" target=\"_blank\" rel=\"noopener\">dorinanavas@gmail.com<\/a><\/p>\n<figure id=\"attachment_2022\" aria-describedby=\"caption-attachment-2022\" style=\"width: 225px\" class=\"wp-caption alignleft\"><a href=\"https:\/\/blogs.fcpolit.unr.edu.ar\/redaccion1-rosales\/files\/2021\/04\/Dorina.jpeg\"><img loading=\"lazy\" decoding=\"async\" class=\"size-medium wp-image-2022\" src=\"https:\/\/blogs.fcpolit.unr.edu.ar\/redaccion1-rosales\/files\/2021\/04\/Dorina-225x300.jpeg\" alt=\"Dorina Navas\" width=\"225\" height=\"300\" \/><\/a><figcaption id=\"caption-attachment-2022\" class=\"wp-caption-text\">Dorina Navas<\/figcaption><\/figure>\n<p>Comisi\u00f3n viernes: <strong>Camila Fern\u00e1ndez \/<\/strong> itscamifernandez@gmail.com<\/p>\n<figure id=\"attachment_2010\" aria-describedby=\"caption-attachment-2010\" style=\"width: 300px\" class=\"wp-caption alignleft\"><a href=\"https:\/\/blogs.fcpolit.unr.edu.ar\/redaccion1-rosales\/files\/2021\/04\/Cami.jpg\"><img loading=\"lazy\" decoding=\"async\" class=\"size-medium wp-image-2010\" src=\"https:\/\/blogs.fcpolit.unr.edu.ar\/redaccion1-rosales\/files\/2021\/04\/Cami-300x225.jpg\" alt=\"\" width=\"300\" height=\"225\" \/><\/a><figcaption id=\"caption-attachment-2010\" class=\"wp-caption-text\">Camila Fern\u00e1ndez<\/figcaption><\/figure>\n<p>&nbsp;<\/p>\n<p>&nbsp;<\/p>\n<p>&nbsp;<\/p>\n<p>&nbsp;<\/p>\n<p>&nbsp;<\/p>\n<p>&nbsp;<\/p>\n<p>&nbsp;<\/p>\n<p>Finalmente, en nuestras comisiones, tambi\u00e9n trabaja un docente adscripto: <strong>Marcos Pellieri<\/strong> (marcosgpellieri@gmail.com), quien tiene preparadas propuesta muy interesantes de discusi\u00f3n y producci\u00f3n.<\/p>\n<figure id=\"attachment_2011\" aria-describedby=\"caption-attachment-2011\" style=\"width: 225px\" class=\"wp-caption alignnone\"><a href=\"https:\/\/blogs.fcpolit.unr.edu.ar\/redaccion1-rosales\/files\/2021\/04\/Marcos.jpg\"><img loading=\"lazy\" decoding=\"async\" class=\"size-medium wp-image-2011\" src=\"https:\/\/blogs.fcpolit.unr.edu.ar\/redaccion1-rosales\/files\/2021\/04\/Marcos-225x300.jpg\" alt=\"\" width=\"225\" height=\"300\" \/><\/a><figcaption id=\"caption-attachment-2011\" class=\"wp-caption-text\">Marcos Pellieri<\/figcaption><\/figure>\n<p>&nbsp;<\/p>\n<p>En s\u00edntesis, \u00a1aqu\u00ed estamos!<\/p>\n<p>Aprovechen estos d\u00edas para familiarizarse con los espacios y herramientas, \u00a1y ya comienza la acci\u00f3n!<\/p>\n<p>&nbsp;<\/p>\n","protected":false},"excerpt":{"rendered":"<p>\u00a1Pasen por aqu\u00ed, estudiantes de comisiones de los Mi\u00e9rcoles de 8 a 11 y de los Viernes de 8 a 11! Este ser\u00e1 parte de nuestro espacio de encuentro durante 2021, en nuestra aventura compartida en la Universidad P\u00fablica. La situaci\u00f3n de pandemia nos convoca ya desde hace m\u00e1s de un a\u00f1o a reunirnos a [&hellip;]<\/p>\n","protected":false},"author":9,"featured_media":0,"comment_status":"open","ping_status":"open","sticky":false,"template":"","format":"standard","meta":{"footnotes":""},"categories":[5],"tags":[],"_links":{"self":[{"href":"https:\/\/redaccion1.fcpolit.unr.edu.ar\/comision-rosales\/wp-json\/wp\/v2\/posts\/2008"}],"collection":[{"href":"https:\/\/redaccion1.fcpolit.unr.edu.ar\/comision-rosales\/wp-json\/wp\/v2\/posts"}],"about":[{"href":"https:\/\/redaccion1.fcpolit.unr.edu.ar\/comision-rosales\/wp-json\/wp\/v2\/types\/post"}],"author":[{"embeddable":true,"href":"https:\/\/redaccion1.fcpolit.unr.edu.ar\/comision-rosales\/wp-json\/wp\/v2\/users\/9"}],"replies":[{"embeddable":true,"href":"https:\/\/redaccion1.fcpolit.unr.edu.ar\/comision-rosales\/wp-json\/wp\/v2\/comments?post=2008"}],"version-history":[{"count":1,"href":"https:\/\/redaccion1.fcpolit.unr.edu.ar\/comision-rosales\/wp-json\/wp\/v2\/posts\/2008\/revisions"}],"predecessor-version":[{"id":3109,"href":"https:\/\/redaccion1.fcpolit.unr.edu.ar\/comision-rosales\/wp-json\/wp\/v2\/posts\/2008\/revisions\/3109"}],"wp:attachment":[{"href":"https:\/\/redaccion1.fcpolit.unr.edu.ar\/comision-rosales\/wp-json\/wp\/v2\/media?parent=2008"}],"wp:term":[{"taxonomy":"category","embeddable":true,"href":"https:\/\/redaccion1.fcpolit.unr.edu.ar\/comision-rosales\/wp-json\/wp\/v2\/categories?post=2008"},{"taxonomy":"post_tag","embeddable":true,"href":"https:\/\/redaccion1.fcpolit.unr.edu.ar\/comision-rosales\/wp-json\/wp\/v2\/tags?post=2008"}],"curies":[{"name":"wp","href":"https:\/\/api.w.org\/{rel}","templated":true}]}}