{"id":957,"date":"2015-05-27T13:41:50","date_gmt":"2015-05-27T13:41:50","guid":{"rendered":"http:\/\/fcpolit.unr.edu.ar\/blogs\/redaccion1-reviglio\/?p=957"},"modified":"2015-05-27T13:41:50","modified_gmt":"2015-05-27T13:41:50","slug":"trabajo-practico-n8-construir-noticias","status":"publish","type":"post","link":"https:\/\/redaccion1.fcpolit.unr.edu.ar\/comision-reviglio\/2015\/05\/27\/trabajo-practico-n8-construir-noticias\/","title":{"rendered":"Trabajo pr\u00e1ctico N\u00b08: Construir noticias"},"content":{"rendered":"<p><strong>Por Cecilia Reviglio<\/strong><\/p>\n<p><a href=\"https:\/\/blogs.fcpolit.unr.edu.ar\/redaccion1-reviglio\/files\/2015\/05\/noticia.jpg\"><img loading=\"lazy\" decoding=\"async\" src=\"https:\/\/blogs.fcpolit.unr.edu.ar\/redaccion1-reviglio\/files\/2015\/05\/noticia-300x125.jpg\" alt=\"noticia\" width=\"300\" height=\"125\" class=\"alignleft size-medium wp-image-958\" \/><\/a>El objetivo de este trabajo consiste en aplicar el reordenamiento cognitivo a informaci\u00f3n narrativa presentada seg\u00fan el orden natural para construir un texto noticioso.<br \/>\n<!--more--><\/p>\n<p><strong>Consigna:<\/strong><br \/>\nA partir de la informaci\u00f3n presentada abajo, construir una noticia con cada bloque de informaci\u00f3n.<br \/>\nSe sugiere revisar primero, los <a href=\"https:\/\/blogs.fcpolit.unr.edu.ar\/programa\/category\/unidad-viii\/textos-base-u8\/\">textos correspondientes a la Unidad 8<\/a>, que dan cuenta de este tipo de texto.<\/p>\n<p><strong>Informaci\u00f3n para noticia 1<\/strong><br \/>\nDos empleadas hac\u00edan tareas de limpieza en el bar Antares de Pellegrini 1149 (Rosario) a las 23 hs.<br \/>\nIngres\u00f3 un hombre con un arma de fuego<br \/>\nA punta de pistola, el delincuente oblig\u00f3 a la encargada a abrirle la caja.<br \/>\nEl delincuente se apoder\u00f3 de la recaudaci\u00f3n: $33.500. Redujo a la responsable del negocio y a las dos empleadas: las at\u00f3 y encerr\u00f3 en el ba\u00f1o.<br \/>\nEl delincuente huy\u00f3.<br \/>\nLa encargada y las empleadas registraron la denuncia en la seccional 5ta.<\/p>\n<p><strong>Informaci\u00f3n para noticia 2<\/strong><br \/>\nLa Justicia de Estados Unidos le atribuye a nueve dirigentes de la FIFA pr\u00e1cticas corruptas continuadas durante las dos \u00faltimas d\u00e9cadas. Los cargos incluyen fraude electr\u00f3nico, crimen organizado y blanqueo de capitales. Tambi\u00e9n se investigan las adjudicaciones de sedes para la Copa Mundial y a los acuerdos de marketing y derechos de explotaci\u00f3n televisiva.<br \/>\nLa Justicia estadounidense solicit\u00f3 la extradici\u00f3n de siete dirigentes de la FIFA para juzgarlos por presunta corrupci\u00f3n.<br \/>\nLos dirigentes de la FIFA estaban reunidos en el hotel Baur au Lac en los Alpes suizos.<br \/>\nA primera hora del mi\u00e9rcoles 27 de mayo, agentes de la polic\u00eda suiza pidieron las llaves en conserjer\u00eda.<br \/>\nLos agentes se dirigieron a las habitaciones de siete dirigentes del para proceder a los arrestos del \u00f3rgano de gobierno del f\u00fatbol a nivel internacional.<br \/>\nLos agentes de la polic\u00eda suiza procedieron a la detenci\u00f3n de los siete dirigentes.<br \/>\nEl Departamento de EE.UU. de Justicia anunci\u00f3 la imputaci\u00f3n de nueve directivos de la FIFA y otros cinco involucrados, por conspiraci\u00f3n y corrupci\u00f3n a lo largo de un per\u00edodo de 24 a\u00f1os.<br \/>\nThe New York Times dio la informaci\u00f3n esta ma\u00f1ana.<br \/>\nContexto: a dos d\u00edas de celebrarse las elecciones a la presidencia en las que Joseph Blatter es favorito.<\/p>\n<p>Fecha de entrega: martes 2 de junio<br \/>\nModalidad de entrga: por correo electr\u00f3nico a la casilla de la profesora: ceciliareviglio@hotmail.com<\/p>\n","protected":false},"excerpt":{"rendered":"<p>Por Cecilia Reviglio El objetivo de este trabajo consiste en aplicar el reordenamiento cognitivo a informaci\u00f3n narrativa presentada seg\u00fan el orden natural para construir un texto noticioso.<\/p>\n","protected":false},"author":17,"featured_media":0,"comment_status":"open","ping_status":"open","sticky":false,"template":"","format":"standard","meta":{"footnotes":""},"categories":[2,39],"tags":[],"_links":{"self":[{"href":"https:\/\/redaccion1.fcpolit.unr.edu.ar\/comision-reviglio\/wp-json\/wp\/v2\/posts\/957"}],"collection":[{"href":"https:\/\/redaccion1.fcpolit.unr.edu.ar\/comision-reviglio\/wp-json\/wp\/v2\/posts"}],"about":[{"href":"https:\/\/redaccion1.fcpolit.unr.edu.ar\/comision-reviglio\/wp-json\/wp\/v2\/types\/post"}],"author":[{"embeddable":true,"href":"https:\/\/redaccion1.fcpolit.unr.edu.ar\/comision-reviglio\/wp-json\/wp\/v2\/users\/17"}],"replies":[{"embeddable":true,"href":"https:\/\/redaccion1.fcpolit.unr.edu.ar\/comision-reviglio\/wp-json\/wp\/v2\/comments?post=957"}],"version-history":[{"count":0,"href":"https:\/\/redaccion1.fcpolit.unr.edu.ar\/comision-reviglio\/wp-json\/wp\/v2\/posts\/957\/revisions"}],"wp:attachment":[{"href":"https:\/\/redaccion1.fcpolit.unr.edu.ar\/comision-reviglio\/wp-json\/wp\/v2\/media?parent=957"}],"wp:term":[{"taxonomy":"category","embeddable":true,"href":"https:\/\/redaccion1.fcpolit.unr.edu.ar\/comision-reviglio\/wp-json\/wp\/v2\/categories?post=957"},{"taxonomy":"post_tag","embeddable":true,"href":"https:\/\/redaccion1.fcpolit.unr.edu.ar\/comision-reviglio\/wp-json\/wp\/v2\/tags?post=957"}],"curies":[{"name":"wp","href":"https:\/\/api.w.org\/{rel}","templated":true}]}}