{"id":95,"date":"2007-09-05T09:34:09","date_gmt":"2007-09-05T09:34:09","guid":{"rendered":"http:\/\/fcpolit.unr.edu.ar\/blogs\/redaccion1-reviglio\/2007\/09\/05\/segundo-parcial\/"},"modified":"2007-09-05T09:34:09","modified_gmt":"2007-09-05T09:34:09","slug":"segundo-parcial","status":"publish","type":"post","link":"https:\/\/redaccion1.fcpolit.unr.edu.ar\/comision-reviglio\/2007\/09\/05\/segundo-parcial\/","title":{"rendered":"Segundo Parcial"},"content":{"rendered":"<p><img loading=\"lazy\" decoding=\"async\" alt=\"escribiendo%20carta.jpg\" src=\"http:\/\/www.bdp.org.ar\/facultad\/catedras\/comsoc\/redaccion1\/reviglio\/escribiendo%20carta.jpg\" width=\"114\" height=\"81\" \/><br \/>\nEl martes 18 de septiembre realizaremos el 2\u00b0 Trabajo Pr\u00e1ctico Integrador.<br \/>\nSe evaluar\u00e1n la Unidad 4 y el tema de &#8220;Entrevista&#8221; de la Unidad cinco.<br \/>\nEl parcial comenzar\u00e1  a las 14 horas y terminar\u00e1 a las 16.<br \/>\nAquellos que no aprobaron el primer Trabajo Integrador  ni su recuperatorio, recuerden que deben aprobar esta instancia necesariamente.<br \/>\nA estudiar y \u00a1buena suerte!<\/p>\n","protected":false},"excerpt":{"rendered":"<p>El martes 18 de septiembre realizaremos el 2\u00b0 Trabajo Pr\u00e1ctico Integrador. Se evaluar\u00e1n la Unidad 4 y el tema de &#8220;Entrevista&#8221; de la Unidad cinco. El parcial comenzar\u00e1 a las 14 horas y terminar\u00e1 a las 16. Aquellos que no aprobaron el primer Trabajo Integrador ni su recuperatorio, recuerden que deben aprobar esta instancia necesariamente. [&hellip;]<\/p>\n","protected":false},"author":27,"featured_media":0,"comment_status":"open","ping_status":"closed","sticky":false,"template":"","format":"standard","meta":{"footnotes":""},"categories":[20],"tags":[],"_links":{"self":[{"href":"https:\/\/redaccion1.fcpolit.unr.edu.ar\/comision-reviglio\/wp-json\/wp\/v2\/posts\/95"}],"collection":[{"href":"https:\/\/redaccion1.fcpolit.unr.edu.ar\/comision-reviglio\/wp-json\/wp\/v2\/posts"}],"about":[{"href":"https:\/\/redaccion1.fcpolit.unr.edu.ar\/comision-reviglio\/wp-json\/wp\/v2\/types\/post"}],"author":[{"embeddable":true,"href":"https:\/\/redaccion1.fcpolit.unr.edu.ar\/comision-reviglio\/wp-json\/wp\/v2\/users\/27"}],"replies":[{"embeddable":true,"href":"https:\/\/redaccion1.fcpolit.unr.edu.ar\/comision-reviglio\/wp-json\/wp\/v2\/comments?post=95"}],"version-history":[{"count":0,"href":"https:\/\/redaccion1.fcpolit.unr.edu.ar\/comision-reviglio\/wp-json\/wp\/v2\/posts\/95\/revisions"}],"wp:attachment":[{"href":"https:\/\/redaccion1.fcpolit.unr.edu.ar\/comision-reviglio\/wp-json\/wp\/v2\/media?parent=95"}],"wp:term":[{"taxonomy":"category","embeddable":true,"href":"https:\/\/redaccion1.fcpolit.unr.edu.ar\/comision-reviglio\/wp-json\/wp\/v2\/categories?post=95"},{"taxonomy":"post_tag","embeddable":true,"href":"https:\/\/redaccion1.fcpolit.unr.edu.ar\/comision-reviglio\/wp-json\/wp\/v2\/tags?post=95"}],"curies":[{"name":"wp","href":"https:\/\/api.w.org\/{rel}","templated":true}]}}