{"id":88,"date":"2007-08-17T16:42:09","date_gmt":"2007-08-17T16:42:09","guid":{"rendered":"http:\/\/fcpolit.unr.edu.ar\/blogs\/redaccion1-reviglio\/2007\/08\/17\/volvemos-al-ruedo\/"},"modified":"2007-08-17T16:42:09","modified_gmt":"2007-08-17T16:42:09","slug":"volvemos-al-ruedo","status":"publish","type":"post","link":"https:\/\/redaccion1.fcpolit.unr.edu.ar\/comision-reviglio\/2007\/08\/17\/volvemos-al-ruedo\/","title":{"rendered":"Volvemos al ruedo"},"content":{"rendered":"<p><img loading=\"lazy\" decoding=\"async\" alt=\"Ruedo_dibujos.jpg\" src=\"http:\/\/www.bdp.org.ar\/facultad\/catedras\/comsoc\/redaccion1\/reviglio\/Ruedo_dibujos.jpg\" width=\"119\" height=\"83\" \/><br \/>\nFinalmente el martes p\u00f3ximo retomaremos las clases luego de un largo receso.<br \/>\nLas actividades planteadas para el 14\/8 son las que desarrollaremos el 21\/8. Por ello, y para no demorarnos m\u00e1s, les pido que lleven el material le\u00eddo (unidad cuatro, puntos 1 y 2).<\/p>\n<p><!--more--><br \/>\nAquellos que no entregaron el TP 11 por mail, recuerden que el 21 es la \u00fanica fecha en la que recibir\u00e9 ese trabajo pr\u00e1ctico. Por lo cual, quien no lo entrega el 21, ya no puede entregarlo.<br \/>\nIntentaremos, tambi\u00e9n retomar cuestiones de la actualidad, as\u00ed que espero que hayan leido los diarios durante este largo tiempo sin clases.<br \/>\nNos vemos el 21, entonces.<\/p>\n","protected":false},"excerpt":{"rendered":"<p>Finalmente el martes p\u00f3ximo retomaremos las clases luego de un largo receso. Las actividades planteadas para el 14\/8 son las que desarrollaremos el 21\/8. Por ello, y para no demorarnos m\u00e1s, les pido que lleven el material le\u00eddo (unidad cuatro, puntos 1 y 2).<\/p>\n","protected":false},"author":27,"featured_media":0,"comment_status":"open","ping_status":"closed","sticky":false,"template":"","format":"standard","meta":{"footnotes":""},"categories":[20],"tags":[],"_links":{"self":[{"href":"https:\/\/redaccion1.fcpolit.unr.edu.ar\/comision-reviglio\/wp-json\/wp\/v2\/posts\/88"}],"collection":[{"href":"https:\/\/redaccion1.fcpolit.unr.edu.ar\/comision-reviglio\/wp-json\/wp\/v2\/posts"}],"about":[{"href":"https:\/\/redaccion1.fcpolit.unr.edu.ar\/comision-reviglio\/wp-json\/wp\/v2\/types\/post"}],"author":[{"embeddable":true,"href":"https:\/\/redaccion1.fcpolit.unr.edu.ar\/comision-reviglio\/wp-json\/wp\/v2\/users\/27"}],"replies":[{"embeddable":true,"href":"https:\/\/redaccion1.fcpolit.unr.edu.ar\/comision-reviglio\/wp-json\/wp\/v2\/comments?post=88"}],"version-history":[{"count":0,"href":"https:\/\/redaccion1.fcpolit.unr.edu.ar\/comision-reviglio\/wp-json\/wp\/v2\/posts\/88\/revisions"}],"wp:attachment":[{"href":"https:\/\/redaccion1.fcpolit.unr.edu.ar\/comision-reviglio\/wp-json\/wp\/v2\/media?parent=88"}],"wp:term":[{"taxonomy":"category","embeddable":true,"href":"https:\/\/redaccion1.fcpolit.unr.edu.ar\/comision-reviglio\/wp-json\/wp\/v2\/categories?post=88"},{"taxonomy":"post_tag","embeddable":true,"href":"https:\/\/redaccion1.fcpolit.unr.edu.ar\/comision-reviglio\/wp-json\/wp\/v2\/tags?post=88"}],"curies":[{"name":"wp","href":"https:\/\/api.w.org\/{rel}","templated":true}]}}