{"id":86,"date":"2007-07-04T17:06:28","date_gmt":"2007-07-04T17:06:28","guid":{"rendered":"http:\/\/fcpolit.unr.edu.ar\/blogs\/redaccion1-reviglio\/2007\/07\/04\/vacaciones\/"},"modified":"2007-07-04T17:06:28","modified_gmt":"2007-07-04T17:06:28","slug":"vacaciones","status":"publish","type":"post","link":"https:\/\/redaccion1.fcpolit.unr.edu.ar\/comision-reviglio\/2007\/07\/04\/vacaciones\/","title":{"rendered":"Vacaciones"},"content":{"rendered":"<p><img loading=\"lazy\" decoding=\"async\" alt=\"hamacas.jpg\" src=\"http:\/\/www.bdp.org.ar\/facultad\/catedras\/comsoc\/redaccion1\/reviglio\/hamacas.jpg\" width=\"108\" height=\"81\" \/><br \/>\nHa llegado un tiempo de descanso. Un alto en las tareas del a\u00f1o para poder detenernos, renovar fuerzas, evaluar lo realizado hasta el momento y volver a la carga en la segunda parte del a\u00f1o con nuevos br\u00edos.<br \/>\nSin embargo, el tiempo sin clases ser\u00e1 extenso y por ello, vamos a aprovechar parte de ese tiempo para avanzar con la base de lo ya realizado.<\/p>\n<p><!--more--><br \/>\nEn primer lugar, deber\u00e1n estudiar la Unidad 3. Es una unidad corta que trabaja las nociones de textos y plantea diferentes modos de clasificarlos. Tiene dos textos base: <a href=\"http:\/\/www.bdp.org.ar\/facultad\/catedras\/comsoc\/redaccion1\/unidades\/2005\/06\/un_texto_es_un_texto.php\">Un texto es un texto <\/a>y <a href=\"http:\/\/www.bdp.org.ar\/facultad\/catedras\/comsoc\/redaccion1\/unidades\/2005\/06\/aproximacion_a_una_tipologia_d.php\">Aproximaci\u00f3n a una tipolog\u00eda de textos<\/a> y cinco Textos fuente.<br \/>\nPor otro lado, deber\u00e1n realizar dos trabajos pr\u00e1cticos: Uno que vincula las unidades 1 y 2 y otro perteneciente a la tercera unidad.<br \/>\n<u>Les dejo un cronograma de tareas<\/u>.<br \/>\n<strong>Viernes 6\/7<\/strong>:  \u00daltima fecha de entrega de trabajos pr\u00e1cticos y actividades atrasadas. (Trabajos Pr\u00e1cticos: 7, 8 y 9 y Actividades 6 y 7)<br \/>\n<strong>Lunes 9\/7 al Viernes 20\/7<\/strong>: Vacaciones<br \/>\n<strong>Martes 31\/7:<\/strong> <a href=\"http:\/\/www.bdp.org.ar\/facultad\/catedras\/comsoc\/redaccion1\/reviglio\/2007\/07\/notas_trabajo_practico_integra_1.php#more\">Recuperatorio Trabajo Pr\u00e1ctico Integrador N\u00b01<\/a>. Temas: Unidades 1, 2 y 5 completas (Textos base y fuentes).<br \/>\n<strong>Martes 14\/8<\/strong>: Reinicio de clases. \u00daltima fecha de entrega de los Trabajos Pr\u00e1cticos 10 \u201cIntegraci\u00f3n entre lectura y escritura\u201d (Publicar\u00e9 las consignas esta semana)  y 11<a href=\"http:\/\/www.bdp.org.ar\/facultad\/catedras\/comsoc\/redaccion1\/unidades\/2005\/06\/tipologias_de_textos_1.php\">\u201dClasificar seg\u00fan diferentes teor\u00edas\u201d.<\/a> No olviden guiarse para este trabajo con el <a href=\"http:\/\/www.bdp.org.ar\/facultad\/catedras\/comsoc\/redaccion1\/unidades\/2005\/06\/analisis_integral.php\">ejemplo publicado en la p\u00e1gina<\/a>.<br \/>\nEn la clase trabajaremos:<br \/>\nTaller de lectura: con las noticias de los diarios de la semana del 7 al 14 de agosto.<br \/>\nUnidad 4: Coherencia y cohesi\u00f3n. Textos base: <a href=\"http:\/\/www.bdp.org.ar\/facultad\/catedras\/comsoc\/redaccion1\/unidades\/2005\/07\/dos_propiedades_del_texto.php\">Dos propiedades del texto <\/a>y <a href=\"http:\/\/www.bdp.org.ar\/facultad\/catedras\/comsoc\/redaccion1\/unidades\/2005\/08\/coherencia.php\">Coherencia.<\/a> Textos Fuente: <a href=\"http:\/\/www.bdp.org.ar\/facultad\/catedras\/comsoc\/redaccion1\/unidades\/2005\/08\/factores_de_la_coherencia.php\">Factores de coherencia<\/a>; <a href=\"http:\/\/www.bdp.org.ar\/facultad\/catedras\/comsoc\/redaccion1\/unidades\/2005\/08\/superestructuras.php\">Superestructuras<\/a>; <a href=\"http:\/\/www.bdp.org.ar\/facultad\/catedras\/comsoc\/redaccion1\/unidades\/2005\/08\/macroestructurasestructuras_gl.php\">Macroestructuras<\/a>.<\/p>\n","protected":false},"excerpt":{"rendered":"<p>Ha llegado un tiempo de descanso. Un alto en las tareas del a\u00f1o para poder detenernos, renovar fuerzas, evaluar lo realizado hasta el momento y volver a la carga en la segunda parte del a\u00f1o con nuevos br\u00edos. Sin embargo, el tiempo sin clases ser\u00e1 extenso y por ello, vamos a aprovechar parte de ese [&hellip;]<\/p>\n","protected":false},"author":27,"featured_media":0,"comment_status":"open","ping_status":"closed","sticky":false,"template":"","format":"standard","meta":{"footnotes":""},"categories":[20],"tags":[],"_links":{"self":[{"href":"https:\/\/redaccion1.fcpolit.unr.edu.ar\/comision-reviglio\/wp-json\/wp\/v2\/posts\/86"}],"collection":[{"href":"https:\/\/redaccion1.fcpolit.unr.edu.ar\/comision-reviglio\/wp-json\/wp\/v2\/posts"}],"about":[{"href":"https:\/\/redaccion1.fcpolit.unr.edu.ar\/comision-reviglio\/wp-json\/wp\/v2\/types\/post"}],"author":[{"embeddable":true,"href":"https:\/\/redaccion1.fcpolit.unr.edu.ar\/comision-reviglio\/wp-json\/wp\/v2\/users\/27"}],"replies":[{"embeddable":true,"href":"https:\/\/redaccion1.fcpolit.unr.edu.ar\/comision-reviglio\/wp-json\/wp\/v2\/comments?post=86"}],"version-history":[{"count":0,"href":"https:\/\/redaccion1.fcpolit.unr.edu.ar\/comision-reviglio\/wp-json\/wp\/v2\/posts\/86\/revisions"}],"wp:attachment":[{"href":"https:\/\/redaccion1.fcpolit.unr.edu.ar\/comision-reviglio\/wp-json\/wp\/v2\/media?parent=86"}],"wp:term":[{"taxonomy":"category","embeddable":true,"href":"https:\/\/redaccion1.fcpolit.unr.edu.ar\/comision-reviglio\/wp-json\/wp\/v2\/categories?post=86"},{"taxonomy":"post_tag","embeddable":true,"href":"https:\/\/redaccion1.fcpolit.unr.edu.ar\/comision-reviglio\/wp-json\/wp\/v2\/tags?post=86"}],"curies":[{"name":"wp","href":"https:\/\/api.w.org\/{rel}","templated":true}]}}