{"id":787,"date":"2014-07-21T17:06:15","date_gmt":"2014-07-21T17:06:15","guid":{"rendered":"http:\/\/fcpolit.unr.edu.ar\/blogs\/redaccion1-reviglio\/?p=787"},"modified":"2014-07-21T17:06:15","modified_gmt":"2014-07-21T17:06:15","slug":"novedades-comision-martes-8-a-11-hs","status":"publish","type":"post","link":"https:\/\/redaccion1.fcpolit.unr.edu.ar\/comision-reviglio\/2014\/07\/21\/novedades-comision-martes-8-a-11-hs\/","title":{"rendered":"Novedades Comisi\u00f3n Martes 8 a 11 hs"},"content":{"rendered":"<p>Hola a todos. Volvemos a entrar en contacto despu\u00e9s de un largo tiempo sin hacerlo.<!--more--><\/p>\n<p>La semana pr\u00f3xima (martes 29\/7) nos encontraremos nuevamente en la sala de Redacci\u00f3n a las 8 hs para retomar las clases. Haremos un largo repaso de las unidades uno y dos y cerraremos un tema peque\u00f1o que nos hab\u00eda quedado pendiente. Por lo tanto, les sugiero que lleven consultas sobre lo que han estado estudiando para el parcial.<\/p>\n<p><strong>El parcial se tomar\u00e1 el martes 5\/8 a las 9 hs<\/strong>, como fue acordado con la Secretar\u00eda Acad\u00e9mica de la facultad, con los temas ya agendados.<\/p>\n<p>En el transcurso de esta semana enviar\u00e9 los trabajos pr\u00e1cticos corregidos que restan. Les sugiero que se pongan al d\u00eda con lo que falta.<\/p>\n<p>Hasta el martes, entonces.<\/p>\n","protected":false},"excerpt":{"rendered":"<p>Hola a todos. Volvemos a entrar en contacto despu\u00e9s de un largo tiempo sin hacerlo.<\/p>\n","protected":false},"author":17,"featured_media":0,"comment_status":"open","ping_status":"open","sticky":false,"template":"","format":"standard","meta":{"footnotes":""},"categories":[1],"tags":[],"_links":{"self":[{"href":"https:\/\/redaccion1.fcpolit.unr.edu.ar\/comision-reviglio\/wp-json\/wp\/v2\/posts\/787"}],"collection":[{"href":"https:\/\/redaccion1.fcpolit.unr.edu.ar\/comision-reviglio\/wp-json\/wp\/v2\/posts"}],"about":[{"href":"https:\/\/redaccion1.fcpolit.unr.edu.ar\/comision-reviglio\/wp-json\/wp\/v2\/types\/post"}],"author":[{"embeddable":true,"href":"https:\/\/redaccion1.fcpolit.unr.edu.ar\/comision-reviglio\/wp-json\/wp\/v2\/users\/17"}],"replies":[{"embeddable":true,"href":"https:\/\/redaccion1.fcpolit.unr.edu.ar\/comision-reviglio\/wp-json\/wp\/v2\/comments?post=787"}],"version-history":[{"count":0,"href":"https:\/\/redaccion1.fcpolit.unr.edu.ar\/comision-reviglio\/wp-json\/wp\/v2\/posts\/787\/revisions"}],"wp:attachment":[{"href":"https:\/\/redaccion1.fcpolit.unr.edu.ar\/comision-reviglio\/wp-json\/wp\/v2\/media?parent=787"}],"wp:term":[{"taxonomy":"category","embeddable":true,"href":"https:\/\/redaccion1.fcpolit.unr.edu.ar\/comision-reviglio\/wp-json\/wp\/v2\/categories?post=787"},{"taxonomy":"post_tag","embeddable":true,"href":"https:\/\/redaccion1.fcpolit.unr.edu.ar\/comision-reviglio\/wp-json\/wp\/v2\/tags?post=787"}],"curies":[{"name":"wp","href":"https:\/\/api.w.org\/{rel}","templated":true}]}}