{"id":73,"date":"2007-05-24T08:14:21","date_gmt":"2007-05-24T08:14:21","guid":{"rendered":"http:\/\/fcpolit.unr.edu.ar\/blogs\/redaccion1-reviglio\/2007\/05\/24\/clase-del-22-de-mayo\/"},"modified":"2007-05-24T08:14:21","modified_gmt":"2007-05-24T08:14:21","slug":"clase-del-22-de-mayo","status":"publish","type":"post","link":"https:\/\/redaccion1.fcpolit.unr.edu.ar\/comision-reviglio\/2007\/05\/24\/clase-del-22-de-mayo\/","title":{"rendered":"Clase del 22 de mayo"},"content":{"rendered":"<p><img loading=\"lazy\" decoding=\"async\" alt=\"hojas%20rojas.jpg\" src=\"http:\/\/www.bdp.org.ar\/facultad\/catedras\/comsoc\/redaccion1\/reviglio\/hojas%20rojas.jpg\" width=\"150\" height=\"120\" \/><br \/>\nEn la \u00faltima clase analizamos el concepto de \u201cestrategia\u201d y vimos c\u00f3mo la redacci\u00f3n se convierte en un proceso estrat\u00e9gico. Tambi\u00e9n profundizamos sobre las estrategias interactivas y pragm\u00e1ticas, vimos qu\u00e9 son y c\u00f3mo funcionan los actos de habla y c\u00f3mo reconocer macroactos y microactos en un texto a partir de dos ejemplos concretos.<\/p>\n<p><!--more--><br \/>\nLa clase pr\u00f3xima deber\u00e1n entregar las actividades N\u00b04 <a href=\"http:\/\/www.bdp.org.ar\/facultad\/catedras\/comsoc\/redaccion1\/reviglio\/\">\u201cEstrategias de la vida cotidiana\u201d<\/a> y N\u00b05 <a href=\"http:\/\/www.bdp.org.ar\/facultad\/catedras\/comsoc\/redaccion1\/unidades\/2003\/04\/cartas_con_noticias.php\">\u201cCartas con noticias\u201d<\/a>. Esta \u00faltima actividad puede realizarse en grupos de dos.<br \/>\nEl martes siguiente, vamos a continuar trabajando sobre las estrategias de producci\u00f3n. En esa oportunidad, estudiaremos las estrategias de producci\u00f3n sem\u00e1nticas. Para ello, deber\u00e1n leer el texto base <a href=\"http:\/\/www.bdp.org.ar\/facultad\/catedras\/comsoc\/redaccion1\/unidades\/2007\/05\/estrategias_de_produccion_sema.php\">\u201cEstrategias de producci\u00f3n sem\u00e1ntica\u201d<\/a> y los textos fuente: \u201cAlguien se burla de otro y luego es burlado por \u00e9l\u201d; \u00bfQu\u00e9 son las superestructuras?\u201d; \u201cOrden natural\u201d; \u201cReordenamientos\u201d.<br \/>\nPara el taller de lectura, deben leer los diarios de la semana.<br \/>\n\u00a1Recuerden que la clase que viene trabajaremos en la sala de inform\u00e1tica en el primer piso de la facultad!<\/p>\n","protected":false},"excerpt":{"rendered":"<p>En la \u00faltima clase analizamos el concepto de \u201cestrategia\u201d y vimos c\u00f3mo la redacci\u00f3n se convierte en un proceso estrat\u00e9gico. Tambi\u00e9n profundizamos sobre las estrategias interactivas y pragm\u00e1ticas, vimos qu\u00e9 son y c\u00f3mo funcionan los actos de habla y c\u00f3mo reconocer macroactos y microactos en un texto a partir de dos ejemplos concretos.<\/p>\n","protected":false},"author":27,"featured_media":0,"comment_status":"open","ping_status":"closed","sticky":false,"template":"","format":"standard","meta":{"footnotes":""},"categories":[18],"tags":[],"_links":{"self":[{"href":"https:\/\/redaccion1.fcpolit.unr.edu.ar\/comision-reviglio\/wp-json\/wp\/v2\/posts\/73"}],"collection":[{"href":"https:\/\/redaccion1.fcpolit.unr.edu.ar\/comision-reviglio\/wp-json\/wp\/v2\/posts"}],"about":[{"href":"https:\/\/redaccion1.fcpolit.unr.edu.ar\/comision-reviglio\/wp-json\/wp\/v2\/types\/post"}],"author":[{"embeddable":true,"href":"https:\/\/redaccion1.fcpolit.unr.edu.ar\/comision-reviglio\/wp-json\/wp\/v2\/users\/27"}],"replies":[{"embeddable":true,"href":"https:\/\/redaccion1.fcpolit.unr.edu.ar\/comision-reviglio\/wp-json\/wp\/v2\/comments?post=73"}],"version-history":[{"count":0,"href":"https:\/\/redaccion1.fcpolit.unr.edu.ar\/comision-reviglio\/wp-json\/wp\/v2\/posts\/73\/revisions"}],"wp:attachment":[{"href":"https:\/\/redaccion1.fcpolit.unr.edu.ar\/comision-reviglio\/wp-json\/wp\/v2\/media?parent=73"}],"wp:term":[{"taxonomy":"category","embeddable":true,"href":"https:\/\/redaccion1.fcpolit.unr.edu.ar\/comision-reviglio\/wp-json\/wp\/v2\/categories?post=73"},{"taxonomy":"post_tag","embeddable":true,"href":"https:\/\/redaccion1.fcpolit.unr.edu.ar\/comision-reviglio\/wp-json\/wp\/v2\/tags?post=73"}],"curies":[{"name":"wp","href":"https:\/\/api.w.org\/{rel}","templated":true}]}}