{"id":721,"date":"2014-04-30T13:16:55","date_gmt":"2014-04-30T13:16:55","guid":{"rendered":"http:\/\/fcpolit.unr.edu.ar\/blogs\/redaccion1-reviglio\/?p=721"},"modified":"2014-04-30T13:16:55","modified_gmt":"2014-04-30T13:16:55","slug":"trabajo-practico-n-4-planificar-ensayar-editar-entregar","status":"publish","type":"post","link":"https:\/\/redaccion1.fcpolit.unr.edu.ar\/comision-reviglio\/2014\/04\/30\/trabajo-practico-n-4-planificar-ensayar-editar-entregar\/","title":{"rendered":"Trabajo Pr\u00e1ctico N\u00b0 4: Planificar, ensayar, editar, entregar"},"content":{"rendered":"<p>El trabajo tiene como objetivo poner en pr\u00e1ctica el proceso completo de redacci\u00f3n, tal como es planteado por el <a href=\"https:\/\/blogs.fcpolit.unr.edu.ar\/programa\/2003\/04\/05\/un-modelo-teorico-para-entender-el-mundo-del-escritor-t-base-4\/\">Modelo de Producci\u00f3n de Linda Flowers y John Hayes<\/a> y a partir de la t\u00e9cnica de planificaci\u00f3n desarrollada en el texto base 5: <a href=\"https:\/\/blogs.fcpolit.unr.edu.ar\/programa\/2003\/04\/05\/importancia-de-la-etapa-de-planificacion-de-la-escritura-t-base-5\/\">Importancia de la etapa de planificaci\u00f3n de la escritura<\/a>.<br \/>\n<!--more--><\/p>\n<p><strong>Consignas<\/strong>:<br \/>\n1) Elegir un tema que de tu inter\u00e9s lo suficientemente cercano como para redactar un texto.<br \/>\n2) Planificar el problema ret\u00f3rico: Objetivo, audiencia, medio de publicaci\u00f3n.<br \/>\n3) Realizar todos los pasos de la planificaci\u00f3n: lluvia de ideas, racimo asociativo, mapa de ideas. Llevar esto a clase para ser consultado con la docente (ya realizado en la clase del 29 de abril)<br \/>\n4) Redactar los borradores necesarios hasta dar con el texto final. Extensi\u00f3n m\u00ednima: 20 l\u00edneas.<br \/>\n5) Entregar el proceso completo: Especificar tema, objetivo, audiencia, medio de publicaci\u00f3n. Proceso de planificaci\u00f3n completo. Borradores y texto final.<\/p>\n<p><strong>Fecha de entrega<\/strong>: martes 6 de mayo<br \/>\n<strong>Modalidad de entrega<\/strong>: por correo electr\u00f3nico a la casilla de la docente (ceciliareviglio@hotmail.com) o impreso en clase.<\/p>\n<p><strong>Atenci\u00f3n! Revisar las <a href=\"https:\/\/blogs.fcpolit.unr.edu.ar\/redaccion1-reviglio\/2014\/03\/26\/instrucciones-para-empezar-a-cursar\/\">Instrucciones para empezar a cursar<\/a> y tenerlas muy en cuenta al momento de presentar el trabajo. <\/strong><\/p>\n","protected":false},"excerpt":{"rendered":"<p>El trabajo tiene como objetivo poner en pr\u00e1ctica el proceso completo de redacci\u00f3n, tal como es planteado por el Modelo de Producci\u00f3n de Linda Flowers y John Hayes y a partir de la t\u00e9cnica de planificaci\u00f3n desarrollada en el texto base 5: Importancia de la etapa de planificaci\u00f3n de la escritura.<\/p>\n","protected":false},"author":17,"featured_media":0,"comment_status":"open","ping_status":"open","sticky":false,"template":"","format":"standard","meta":{"footnotes":""},"categories":[14,42],"tags":[],"_links":{"self":[{"href":"https:\/\/redaccion1.fcpolit.unr.edu.ar\/comision-reviglio\/wp-json\/wp\/v2\/posts\/721"}],"collection":[{"href":"https:\/\/redaccion1.fcpolit.unr.edu.ar\/comision-reviglio\/wp-json\/wp\/v2\/posts"}],"about":[{"href":"https:\/\/redaccion1.fcpolit.unr.edu.ar\/comision-reviglio\/wp-json\/wp\/v2\/types\/post"}],"author":[{"embeddable":true,"href":"https:\/\/redaccion1.fcpolit.unr.edu.ar\/comision-reviglio\/wp-json\/wp\/v2\/users\/17"}],"replies":[{"embeddable":true,"href":"https:\/\/redaccion1.fcpolit.unr.edu.ar\/comision-reviglio\/wp-json\/wp\/v2\/comments?post=721"}],"version-history":[{"count":0,"href":"https:\/\/redaccion1.fcpolit.unr.edu.ar\/comision-reviglio\/wp-json\/wp\/v2\/posts\/721\/revisions"}],"wp:attachment":[{"href":"https:\/\/redaccion1.fcpolit.unr.edu.ar\/comision-reviglio\/wp-json\/wp\/v2\/media?parent=721"}],"wp:term":[{"taxonomy":"category","embeddable":true,"href":"https:\/\/redaccion1.fcpolit.unr.edu.ar\/comision-reviglio\/wp-json\/wp\/v2\/categories?post=721"},{"taxonomy":"post_tag","embeddable":true,"href":"https:\/\/redaccion1.fcpolit.unr.edu.ar\/comision-reviglio\/wp-json\/wp\/v2\/tags?post=721"}],"curies":[{"name":"wp","href":"https:\/\/api.w.org\/{rel}","templated":true}]}}