{"id":71,"date":"2007-05-15T19:04:10","date_gmt":"2007-05-15T19:04:10","guid":{"rendered":"http:\/\/fcpolit.unr.edu.ar\/blogs\/redaccion1-reviglio\/2007\/05\/15\/clase-del-15-de-mayo\/"},"modified":"2007-05-15T19:04:10","modified_gmt":"2007-05-15T19:04:10","slug":"clase-del-15-de-mayo","status":"publish","type":"post","link":"https:\/\/redaccion1.fcpolit.unr.edu.ar\/comision-reviglio\/2007\/05\/15\/clase-del-15-de-mayo\/","title":{"rendered":"Clase del 15 de mayo"},"content":{"rendered":"<p><img loading=\"lazy\" decoding=\"async\" alt=\"portadas%20de%20diario%20color.jpg\" src=\"http:\/\/www.bdp.org.ar\/facultad\/catedras\/comsoc\/redaccion1\/reviglio\/portadas%20de%20diario%20color.jpg\" width=\"87\" height=\"104\" \/><br \/>\nLa clase de hoy fue una clase en la combinamos informaci\u00f3n, con consultas sobre planificaci\u00f3n y con trabajo sobre el tema de audiencias.<br \/>\nMientras se realizaba el taller de lectura coordinado por nuestro ayudante alumno Franco, de a uno iban consultando su planificaci\u00f3n del trabajo pr\u00e1ctico 6: Planificaci\u00f3n, borradores y redacci\u00f3n, que deber\u00e1n entregar completo el martes pr\u00f3ximo.<br \/>\nLuego le toc\u00f3 el turno al tema de Audiencias. Para los que no encontraron los textos, aqu\u00ed van links para que los encuentren f\u00e1cilmente:<\/p>\n<p><!--more--><br \/>\n<a href=\"http:\/\/www.bdp.org.ar\/facultad\/catedras\/comsoc\/redaccion1\/unidades\/2003\/07\/nocion_de_audiencia_t_base_7.php\">http:\/\/www.bdp.org.ar\/facultad\/catedras\/comsoc\/redaccion1\/unidades\/2003\/07\/nocion_de_audiencia_t_base_7.php<\/a><br \/>\n<a href=\"http:\/\/www.bdp.org.ar\/facultad\/catedras\/comsoc\/redaccion1\/unidades\/2003\/04\/la_audiencia_de_los_medios_de.php\">http:\/\/www.bdp.org.ar\/facultad\/catedras\/comsoc\/redaccion1\/unidades\/2003\/04\/la_audiencia_de_los_medios_de.php<\/a><br \/>\n<a href=\"http:\/\/www.bdp.org.ar\/facultad\/catedras\/comsoc\/redaccion1\/unidades\/2003\/04\/a_que_audiencia_pertenecemos.php\">http:\/\/www.bdp.org.ar\/facultad\/catedras\/comsoc\/redaccion1\/unidades\/2003\/04\/a_que_audiencia_pertenecemos.php<\/a><br \/>\n<a href=\"http:\/\/www.bdp.org.ar\/facultad\/catedras\/comsoc\/redaccion1\/unidades\/2003\/04\/variables_para_la_caracterizac.php\">http:\/\/www.bdp.org.ar\/facultad\/catedras\/comsoc\/redaccion1\/unidades\/2003\/04\/variables_para_la_caracterizac.php<\/a><br \/>\nLa clase pr\u00f3xima, nos meteremos del lleno con el tema de \u201cEstrategias\u201d. Para ello, habr\u00e1 que leer los siguientes textos:<br \/>\n<strong>Textos base<\/strong>: Concepto de estrategias;  Estrategias de producci\u00f3n; Estrategias interactivas y pragm\u00e1ticas: Relevancia de los actos de habla<br \/>\n<strong>Textos fuente<\/strong>: Estrategias de producci\u00f3n; Pragm\u00e1tica; Proposiciones; Conferencia IX y Conferencia XII<br \/>\nComo a\u00fan estos textos no est\u00e1n disponibles en la p\u00e1gina actual, les sugiero que los busquen en la p\u00e1gina anterior: <a href=\"http:\/\/www.dialogica.com.ar\/unr\/redaccion1\">www.dialogica.com.ar\/unr\/redaccion1 <\/a>en la secci\u00f3n Unidades, tambi\u00e9n.<br \/>\nEs muy importante que lean estos textos para trabajar la clase siguiente.<br \/>\nNo olviden ponerse al d\u00eda con los trabajos que adeudan.<\/p>\n","protected":false},"excerpt":{"rendered":"<p>La clase de hoy fue una clase en la combinamos informaci\u00f3n, con consultas sobre planificaci\u00f3n y con trabajo sobre el tema de audiencias. Mientras se realizaba el taller de lectura coordinado por nuestro ayudante alumno Franco, de a uno iban consultando su planificaci\u00f3n del trabajo pr\u00e1ctico 6: Planificaci\u00f3n, borradores y redacci\u00f3n, que deber\u00e1n entregar completo [&hellip;]<\/p>\n","protected":false},"author":27,"featured_media":0,"comment_status":"open","ping_status":"closed","sticky":false,"template":"","format":"standard","meta":{"footnotes":""},"categories":[18],"tags":[],"_links":{"self":[{"href":"https:\/\/redaccion1.fcpolit.unr.edu.ar\/comision-reviglio\/wp-json\/wp\/v2\/posts\/71"}],"collection":[{"href":"https:\/\/redaccion1.fcpolit.unr.edu.ar\/comision-reviglio\/wp-json\/wp\/v2\/posts"}],"about":[{"href":"https:\/\/redaccion1.fcpolit.unr.edu.ar\/comision-reviglio\/wp-json\/wp\/v2\/types\/post"}],"author":[{"embeddable":true,"href":"https:\/\/redaccion1.fcpolit.unr.edu.ar\/comision-reviglio\/wp-json\/wp\/v2\/users\/27"}],"replies":[{"embeddable":true,"href":"https:\/\/redaccion1.fcpolit.unr.edu.ar\/comision-reviglio\/wp-json\/wp\/v2\/comments?post=71"}],"version-history":[{"count":0,"href":"https:\/\/redaccion1.fcpolit.unr.edu.ar\/comision-reviglio\/wp-json\/wp\/v2\/posts\/71\/revisions"}],"wp:attachment":[{"href":"https:\/\/redaccion1.fcpolit.unr.edu.ar\/comision-reviglio\/wp-json\/wp\/v2\/media?parent=71"}],"wp:term":[{"taxonomy":"category","embeddable":true,"href":"https:\/\/redaccion1.fcpolit.unr.edu.ar\/comision-reviglio\/wp-json\/wp\/v2\/categories?post=71"},{"taxonomy":"post_tag","embeddable":true,"href":"https:\/\/redaccion1.fcpolit.unr.edu.ar\/comision-reviglio\/wp-json\/wp\/v2\/tags?post=71"}],"curies":[{"name":"wp","href":"https:\/\/api.w.org\/{rel}","templated":true}]}}